{"id":333693,"date":"2021-11-30T14:49:56","date_gmt":"2021-11-30T13:49:56","guid":{"rendered":"https:\/\/www.pcnen.com\/portal\/?p=333693"},"modified":"2021-11-30T14:49:56","modified_gmt":"2021-11-30T13:49:56","slug":"rasplet-pred-novi-zaplet","status":"publish","type":"post","link":"https:\/\/www.pcnen.com\/portal\/2021\/11\/30\/rasplet-pred-novi-zaplet\/","title":{"rendered":"Rasplet pred novi zaplet"},"content":{"rendered":"<p>Do protesta \u201eOdupri se\u201c mislio sam da je DPS neosvojiva tvr\u0111ava koja je ogradila i napravila oko sebe bedem poput Kineskog zida, prakti\u010dno neosvojiv, sa pouzdanim i vjernim \u010duvarima. U toku protesta shvatio sam da je to, u stvari, kula od karata, koja, kada se zanji\u0161e i krene da pada sama od sebe, dobije pomo\u0107 od onih koji prividno duvaju u nju da je sru\u0161e, a koje smo od milja svih proteklih decenija zvali opozicijom. Shvatio sam i da, dok je Demokratski front takav kakav je, za DPS nema zime. Uvijek \u0107e imati podr\u0161ku me\u0111unarodnih centara mo\u0107i, a opozicija svog razbija\u010da sa kojim je dogovor prosto nemogu\u0107. Crkva i pokojni mitropolit Amfilohoje su toga, za razliku od mene i nas, bili svjesni, skrajnuli lidere DF-a u predizbornoj kampanji sprovo\u0111enoj kroz litije, doveli novog, javnosti nepoznatog \u010dovjeka na \u010delo liste DF-a, i na talasu crkveno-politi\u010dkog bunta oborili DPS, uz o\u010diglednu podr\u0161ku inostranih centara mo\u0107i kojima je \u0110ukanovi\u0107 postao prevazi\u0111eni politi\u010dar. Isto kao onomad Milo\u0161evi\u0107, a \u0161to je \u0110ukanovi\u0107 tada na vrijeme uo\u010dio i shvatio.<\/p>\n<p>Pobjedni\u010dka euorija i nada opoziciono opredijeljenih gra\u0111ana, koji su decenijama trpjeli razne pritiske i neprijatnosti zbog svojih opozicionih stavova, ubrzo se pretvorila u kleronacionalisti\u010dku euforiju rulje, koja je, svjesno ili nesvjesno, bila podstaknuta od strane samog premijera svojim javno izne\u0161enim stavovima, ideolo\u0161kom isklju\u010divo\u0161\u0107u, vjerskim fanatizmom, odabirom kadrova za namje\u0161tenja u Vladi, lo\u0161e sakrivenim mje\u0161anjem Crkve u rad i djelovanje njega li\u010dno i same Vlade. Demokratski front je, za one koji bolje poznaju lidere tog saveza, o\u010dekivano, sve radio da bude opozicija toj Vladi i svom nosiocu liste, vr\u0161e\u0107i opstrukcije, mnogo ve\u0107e nego formalna opozicija u kojoj je najzad dospio DPS.<\/p>\n<p>URA, a to je njen lider Abazovi\u0107 &#8211; kao \u0161to je DPS \u00a0u stvari \u0110ukanovi\u0107 \u2013 jer kod nas tako funkcioni\u0161u partije, je pone\u0161ena pobjedni\u010dkom euforijom, umjesto da postane korektivni faktor nove vlasti, postala odbrambena garda kleronacionalisti\u010dkog premijera i njegovih isto takvih namje\u0161tenika, a Demokrate su se pod uticajem crkve pre\u0107utno odrekle svoje gra\u0111anske profilacije, pozicionirav\u0161i se skroz desno. Pod pritiskom, sa jedne strane Demokratskog fronta, a sa druge Crkve, svi su skrenuli udesno, pa i URA. Nacionalizam i \u0161ovinizam se rasplamsao kao devedesetih, a Vlada je bila nefunkcionalna, pod stalnim ucjenama i prijetnjama obaranja od strane Demokratskog fronta.<\/p>\n<p>Manjinski narodi su potpuno izop\u0161teni, marginalizovani, a najvatrenije pristalice nove vlasti su svojim komentarima na mre\u017eama \u0161irile i \u0161ire otvorenu mr\u017enju i najgori vid \u0161ovinizma prema njima.<\/p>\n<p>Premijer je, pored ostalog, o\u010digledno \u0161ovinisti\u010dki optere\u0107enu i neuravnote\u017eenu, sebi blisku osobu, postavio za ministarku \u010detiri spojena resora, dok je za ministra urbanizma postavio divljeg graditelja.<\/p>\n<p>U oba ova slu\u010daja je, kao i u mnogim drugim namje\u0161tenjima u Vladi, Crkva o\u010digledno imala ako ne presudan onda zna\u010dajan uticaj. \u201ePo dubini\u201c, vladaju\u0107e partije su raspodjelile svoje \u201ekadrove\u201c, \u010dak grublje i drskije nego je to radio DPS sa svojim koalicionim partnerima. Pored nacionalizma i \u0161ovinizma, diletanstvo i amaterizam je glavna odlika ve\u0107ine tih, novoizabranih aparat\u010dika nove vlasti. Uz sve to, pritisak i ucjene Vlade od strane Demokratskog fronta su stalno rasli, tako da ona, sve da je bila sastavljena od istinskih eksperata i stru\u010dnjaka, jednostavno nije mogla funkcionisati.<\/p>\n<p>Takvo stanje dovelo je do toga da DPS i dalje ima najrespektabilnuju podr\u0161ku od svih partija, umjesto da bude sveden na realnih 15 \u2013 20%, te da se u cilju opstanka partije, silu na sramotu morao osloboditi svojih \u00a0najkorumpiranijih kadrova na \u010delu sa predsjednikom \u0110ukanovi\u0107em, \u0161to sad ve\u0107 otvoreno tra\u017ee i me\u0111unarodni centri mo\u0107i.<\/p>\n<p>Protekle godina je bila velika neiskori\u0161\u0107ena \u0161ansa da se Gra\u0111anski pokret URA i Demokrate nametnu kao alternativa za novi na\u010din vo\u0111enja poltike u Crnoj Gori, koja bi se zasnivala na tolerancije, znanju, inkluzivnosti, napretku, moralu i u politici, saradnji&#8230;; politici koja pravi potpun otklon od one kakva se vodila \u00a0prethodnih 30 godina. Me\u0111utim, umjesto zbli\u017eavanja na sli\u010dnim programskim na\u010delima, URA i Demokrate su krenule u otvoreni me\u0111usobni rat, prekuniv\u0161i sve vrste saradnje, osim one formalne i usiljene.<\/p>\n<p>Poslije godinu dana mu\u010denje, u kojoj je izgubljena nada za pozitivnim i obe\u0107avanim reformama i promjenama, nova Vlada, potpuno u blokadi i bez podr\u0161ke, ostala je prihvatljiva uglavnom samo kleronacionalisti\u010dkom dijelu javnosti.<\/p>\n<p>Demokratski front je dao \u201eposlednji rok\u201c koalicionim partnerima(?) do 10. decembra za \u201edogovor\u201c o izboru nove vlade, dok je paralelno sa tim opozicija pokrenula inicijativu za izglasavanje nepovjerenja postoje\u0107oj. Bez usvojenog bud\u017eeta za narednu godinu, izglasavanja Tu\u017eila\u010dkog savjeta, te desetine drugih zakona u Skup\u0161tini, koji \u010dekaju zbog blokade, i bez realne podr\u0161ke ve\u0107eg dijela vladaju\u0107e ve\u0107ine u du\u017eem vremenskom periodu, ova situacija mora \u2013 i vjerovatno \u0107e dobiti rasplet u decembru. Rasplet kroz izglasavanje nepovjerenja aktuelnoj Vladi, odabir nove \u010diji mandat bi bio da pripremi kakve-takve fer uslove za nove, prijevremene izbore.<\/p>\n<p>Takav rasplet nas vjerovatno vodi u novi zaplet i novu pat poziciju, ako se DPS u me\u0111uvremenu ne otarasi najkontroverznijih, da ne ka\u017eem najkorumpiranijih kadrova, poput Gvozdenovi\u0107a, Ivanovi\u0107a, Bo\u0161kovi\u0107a&#8230; na \u00a0\u010delu sa \u0110ukanovi\u0107em, jer bi jedino u tom slu\u010daju imao \u0161iri \u00a0koalicioni kapacitet. Ili se do izbora ne pojave neke nove politi\u010dke partije, odnosno grupe gra\u0111ana koje bi zadobile zna\u010dajnije povjerenje javnosti, poput onih koji su se pojavile u susjednoj Hrvatskoj. Bez navedenog, uz pad podr\u0161ke Demokrastkom frontu, o\u010dekivani rasplet je samo uvod u novi, koji \u0107e rezultirati daljim op\u0161tim propadanjem, egzodusom i potpunim gubitkom nade za gra\u0111ane Crne Gore.<\/p>\n","protected":false},"excerpt":{"rendered":"<p>Pi\u0161e: Omer \u0160ARKI\u0106<\/p>\n","protected":false},"author":12,"featured_media":286086,"comment_status":"open","ping_status":"closed","sticky":false,"template":"","format":"standard","meta":{"_seopress_robots_primary_cat":"","_seopress_titles_title":"","_seopress_titles_desc":"","_seopress_robots_index":"","_et_pb_use_builder":"","_et_pb_old_content":"","_et_gb_content_width":"","inline_featured_image":false,"footnotes":""},"categories":[17],"tags":[],"class_list":["post-333693","post","type-post","status-publish","format-standard","has-post-thumbnail","hentry","category-blogovi"],"_links":{"self":[{"href":"https:\/\/www.pcnen.com\/portal\/wp-json\/wp\/v2\/posts\/333693","targetHints":{"allow":["GET"]}}],"collection":[{"href":"https:\/\/www.pcnen.com\/portal\/wp-json\/wp\/v2\/posts"}],"about":[{"href":"https:\/\/www.pcnen.com\/portal\/wp-json\/wp\/v2\/types\/post"}],"author":[{"embeddable":true,"href":"https:\/\/www.pcnen.com\/portal\/wp-json\/wp\/v2\/users\/12"}],"replies":[{"embeddable":true,"href":"https:\/\/www.pcnen.com\/portal\/wp-json\/wp\/v2\/comments?post=333693"}],"version-history":[{"count":3,"href":"https:\/\/www.pcnen.com\/portal\/wp-json\/wp\/v2\/posts\/333693\/revisions"}],"predecessor-version":[{"id":333696,"href":"https:\/\/www.pcnen.com\/portal\/wp-json\/wp\/v2\/posts\/333693\/revisions\/333696"}],"wp:featuredmedia":[{"embeddable":true,"href":"https:\/\/www.pcnen.com\/portal\/wp-json\/wp\/v2\/media\/286086"}],"wp:attachment":[{"href":"https:\/\/www.pcnen.com\/portal\/wp-json\/wp\/v2\/media?parent=333693"}],"wp:term":[{"taxonomy":"category","embeddable":true,"href":"https:\/\/www.pcnen.com\/portal\/wp-json\/wp\/v2\/categories?post=333693"},{"taxonomy":"post_tag","embeddable":true,"href":"https:\/\/www.pcnen.com\/portal\/wp-json\/wp\/v2\/tags?post=333693"}],"curies":[{"name":"wp","href":"https:\/\/api.w.org\/{rel}","templated":true}]}}