{"id":33363,"date":"2009-12-18T15:37:54","date_gmt":"2009-12-18T15:37:54","guid":{"rendered":"http:\/\/www.pcnen.com\/portal\/?p=33363"},"modified":"2009-12-18T15:37:54","modified_gmt":"2009-12-18T15:37:54","slug":"ukraden-natpis-sa-kapije-ausvica","status":"publish","type":"post","link":"https:\/\/www.pcnen.com\/portal\/2009\/12\/18\/ukraden-natpis-sa-kapije-ausvica\/","title":{"rendered":"Ukraden natpis sa kapije Au\u0161vica"},"content":{"rendered":"<p>Nepoznati vandali su sino\u0107 oskrnavili muzej u Au&scaron;vicu i sa glavne kapije tog biv&scaron;eg njema\u010dkog nacisti\u010dkog koncentracionog logora na jugu Poljske ukrali veliki natpis <a href=\"http:\/\/www.holocaustresearchproject.org\/othercamps\/galleries\/auschperiod\/Auschwitz%20gate%201940.jpg\"><em>Rad osloba\u0111a<\/em>.<\/a> <\/p>\n<p>&quot;S jedne strane tabla je skinuta, s druge istrgnuta. Saslu&scaron;avamo no\u0107ne de\u017eurne u muzeju, pregledamo snimke, tamo su svugdje kamere&quot;, rekao je danas poljskoj televiziji TVN24 Dariu&scaron; Novak iz policije Malopoljskog vojvodstva i dodao da je u toku policijska istraga o tom incidentu. <\/p>\n<p>Pre\u017eiveli u holokaustu, poslanici i zvani\u010dnici u Izraelu ogor\u010deni su zbog kra\u0111e.<\/p>\n<p>Za sada ni&scaron;ta ne nagovje&scaron;tava da li su lopovi oskrnavili strati&scaron;te vi&scaron;e od 1,3 miliona ljudi (od kojih najmanje 1,1 milion Jevreja koje su nema\u010dki nacisti likvidirali tokom Drugog svjetskog rata u gasnim komorama Au&scaron;vica) oskrnavili zato da tablu prodaju u staro gvo\u017e\u0111e ili iz antisemitskih pobuda. <\/p>\n<p>Tablu su, po nare\u0111enju nacista, izradili logora&scaron;i u Au&scaron;vicu, ali su, kao simbol otpora, slovo B u cini\u010dnoj nacisti\u010dkoj paroli <em>Arbeit macht frei (Rad osloba\u0111a)<\/em>, koja je do\u010dekivala logora&scaron;e na kapijama svih koncentracionih logora, okrenuli naopa\u010dke. <\/p>\n<p>Sovjetski vojnici su skinuli tablu i hteli da je, kao trofej, ponesu u domovinu. Za fla&scaron;u pi\u0107a vojnik Crvene armije koji je \u010duvao tablu je pristao da je da biv&scaron;em logora&scaron;u Eugeniju&scaron;u Nosalu koji je privremeno sakrio, a poslije rata je vra\u0107ena na kapiju Au&scaron;vica. <\/p>\n<p>Ministar za dijasporu u Vladi Izraele Juli Edel&scaron;tajn je kra\u0111u ozna\u010dio jednom od najve\u0107ih propusta poljske policije, upozoriv&scaron;i da se antisemitski akti u svijetu mno\u017ee i da postoji opravdana bojazan za bezbjednost Jevreja van Izraela.<\/p>\n<p>Antisemiti i oni koji pori\u010du holokaust nemaju granica, i sada poku&scaron;avaju da postignu cilj uklanjanjem simbola holokausta, rekao je Edel&scaron;tajn.<\/p>\n","protected":false},"excerpt":{"rendered":"<p>Nepoznati vandali su sino\u0107 oskrnavili muzej u Au&scaron;vicu i sa glavne kapije tog biv&scaron;eg njema\u010dkog nacisti\u010dkog koncentracionog logora na jugu Poljske ukrali veliki natpis Rad osloba\u0111a. &quot;S jedne strane tabla je skinuta, s druge istrgnuta. Saslu&scaron;avamo no\u0107ne de\u017eurne u muzeju, pregledamo snimke, tamo su svugdje kamere&quot;, rekao je danas poljskoj televiziji TVN24 Dariu&scaron; Novak iz [&hellip;]<\/p>\n","protected":false},"author":1,"featured_media":0,"comment_status":"open","ping_status":"closed","sticky":false,"template":"","format":"standard","meta":{"_seopress_robots_primary_cat":"","_seopress_titles_title":"","_seopress_titles_desc":"","_seopress_robots_index":"","_et_pb_use_builder":"","_et_pb_old_content":"","_et_gb_content_width":"","inline_featured_image":false,"footnotes":""},"categories":[14],"tags":[],"class_list":["post-33363","post","type-post","status-publish","format-standard","hentry","category-vijesti"],"_links":{"self":[{"href":"https:\/\/www.pcnen.com\/portal\/wp-json\/wp\/v2\/posts\/33363","targetHints":{"allow":["GET"]}}],"collection":[{"href":"https:\/\/www.pcnen.com\/portal\/wp-json\/wp\/v2\/posts"}],"about":[{"href":"https:\/\/www.pcnen.com\/portal\/wp-json\/wp\/v2\/types\/post"}],"author":[{"embeddable":true,"href":"https:\/\/www.pcnen.com\/portal\/wp-json\/wp\/v2\/users\/1"}],"replies":[{"embeddable":true,"href":"https:\/\/www.pcnen.com\/portal\/wp-json\/wp\/v2\/comments?post=33363"}],"version-history":[{"count":0,"href":"https:\/\/www.pcnen.com\/portal\/wp-json\/wp\/v2\/posts\/33363\/revisions"}],"wp:attachment":[{"href":"https:\/\/www.pcnen.com\/portal\/wp-json\/wp\/v2\/media?parent=33363"}],"wp:term":[{"taxonomy":"category","embeddable":true,"href":"https:\/\/www.pcnen.com\/portal\/wp-json\/wp\/v2\/categories?post=33363"},{"taxonomy":"post_tag","embeddable":true,"href":"https:\/\/www.pcnen.com\/portal\/wp-json\/wp\/v2\/tags?post=33363"}],"curies":[{"name":"wp","href":"https:\/\/api.w.org\/{rel}","templated":true}]}}