{"id":33359,"date":"2009-12-18T12:56:06","date_gmt":"2009-12-18T12:56:06","guid":{"rendered":"http:\/\/www.pcnen.com\/portal\/?p=33359"},"modified":"2009-12-18T12:56:06","modified_gmt":"2009-12-18T12:56:06","slug":"zajednicka-poruka-ministara-srbije-cg-i-makedonije","status":"publish","type":"post","link":"https:\/\/www.pcnen.com\/portal\/2009\/12\/18\/zajednicka-poruka-ministara-srbije-cg-i-makedonije\/","title":{"rendered":"Zajedni\u010dka poruka ministara Srbije, CG i Makedonije"},"content":{"rendered":"<p>Ministri unutra&scaron;njih poslova Crne Gore, Makedonije i Srbije \u010destitali su danas gra\u0111anima, u zajedni\u010dkoj izjavi, ukidanje viza za zemlje &scaron;engenskog sporazuma.<\/p>\n<p>Ukidanjem viza na&scaron;im gra\u0111anima je vra\u0107eno pravo koje pripada ostalim gra\u0111anima Evropske unije, omogu\u0107ena sloboda kretanja i pripadanja evropskoj porodici, navodi se u izjavi Ivice Da\u010di\u0107a, Gordane Jankuloske i Ivana Brajovi\u0107a.<\/p>\n<p>Ministri su tako\u0111e izrazili o\u010dekivanje da \u0107e i gra\u0111ani Bosne i Hercegovine i Albanije, &scaron;to prije &quot;dobiti podr&scaron;ku EU u procesu liberalizacije viznog re\u017eima&quot;, i ponudili svu stru\u010dnu podr&scaron;ku, prenosi <em>Beta<\/em>.<\/p>\n<p>Uvo\u0111enje bezviznog re\u017eima koji 19. decembra stupa na snagu, smatramo sna\u017enim podstrekom u pribli\u017eavanju zapadnog Balkana Evropskoj uniji, navodi se u izjavi.<\/p>\n<p>Dodaje se da je ispunjavanjem uslova EU koji se odnose na kontrolu granica, borbu protiv organizovanog kriminala i korupcije, unapre\u0111enje spoljnih odnosa i po&scaron;tovanje osnovnih prava i sloboda gra\u0111ana, &quot;potvr\u0111ena jasna pripadnost i odre\u0111enje na&scaron;ih dr\u017eava prema evropskim integracijama&quot;.<\/p>\n","protected":false},"excerpt":{"rendered":"<p>Ministri unutra&scaron;njih poslova Crne Gore, Makedonije i Srbije \u010destitali su danas gra\u0111anima, u zajedni\u010dkoj izjavi, ukidanje viza za zemlje &scaron;engenskog sporazuma. Ukidanjem viza na&scaron;im gra\u0111anima je vra\u0107eno pravo koje pripada ostalim gra\u0111anima Evropske unije, omogu\u0107ena sloboda kretanja i pripadanja evropskoj porodici, navodi se u izjavi Ivice Da\u010di\u0107a, Gordane Jankuloske i Ivana Brajovi\u0107a. Ministri su tako\u0111e [&hellip;]<\/p>\n","protected":false},"author":1,"featured_media":0,"comment_status":"open","ping_status":"closed","sticky":false,"template":"","format":"standard","meta":{"_seopress_robots_primary_cat":"","_seopress_titles_title":"","_seopress_titles_desc":"","_seopress_robots_index":"","_et_pb_use_builder":"","_et_pb_old_content":"","_et_gb_content_width":"","inline_featured_image":false,"footnotes":""},"categories":[14],"tags":[],"class_list":["post-33359","post","type-post","status-publish","format-standard","hentry","category-vijesti"],"_links":{"self":[{"href":"https:\/\/www.pcnen.com\/portal\/wp-json\/wp\/v2\/posts\/33359","targetHints":{"allow":["GET"]}}],"collection":[{"href":"https:\/\/www.pcnen.com\/portal\/wp-json\/wp\/v2\/posts"}],"about":[{"href":"https:\/\/www.pcnen.com\/portal\/wp-json\/wp\/v2\/types\/post"}],"author":[{"embeddable":true,"href":"https:\/\/www.pcnen.com\/portal\/wp-json\/wp\/v2\/users\/1"}],"replies":[{"embeddable":true,"href":"https:\/\/www.pcnen.com\/portal\/wp-json\/wp\/v2\/comments?post=33359"}],"version-history":[{"count":0,"href":"https:\/\/www.pcnen.com\/portal\/wp-json\/wp\/v2\/posts\/33359\/revisions"}],"wp:attachment":[{"href":"https:\/\/www.pcnen.com\/portal\/wp-json\/wp\/v2\/media?parent=33359"}],"wp:term":[{"taxonomy":"category","embeddable":true,"href":"https:\/\/www.pcnen.com\/portal\/wp-json\/wp\/v2\/categories?post=33359"},{"taxonomy":"post_tag","embeddable":true,"href":"https:\/\/www.pcnen.com\/portal\/wp-json\/wp\/v2\/tags?post=33359"}],"curies":[{"name":"wp","href":"https:\/\/api.w.org\/{rel}","templated":true}]}}