{"id":33352,"date":"2009-12-18T10:03:16","date_gmt":"2009-12-18T10:03:16","guid":{"rendered":"http:\/\/www.pcnen.com\/portal\/?p=33352"},"modified":"2009-12-18T10:03:16","modified_gmt":"2009-12-18T10:03:16","slug":"tadic-u-utorak-predaje-aplikaciju-za-eu","status":"publish","type":"post","link":"https:\/\/www.pcnen.com\/portal\/2009\/12\/18\/tadic-u-utorak-predaje-aplikaciju-za-eu\/","title":{"rendered":"Tadi\u0107 u utorak predaje aplikaciju za EU"},"content":{"rendered":"<p>Predsjednik Srbije Boris Tadi\u0107 preda\u0107e u utorak, 22. decembra, &scaron;vedskom premijeru i predsjedavaju\u0107em Evropske unije Frederiku Rajnfeldu zahtjev Srbije za \u010dlanstvo u EU, pi&scaron;e novosadski <em>Dnevnik<\/em> pozivaju\u0107i se na diplomatske izvore.<\/p>\n<p>&quot;Dr\u017eavni vrh je prelomio da sljede\u0107e nedjelje, odnosno u utorak, 22. decembra, Tadi\u0107 preda Rajnfeldu zahtjev Srbije za \u010dlanstvo u EU&quot;, rekli su ovom listu diplomatski izvori u Briselu, Beogradu i Stokholmu.<\/p>\n<p>Isti izvori dodaju da \u0107e sjutra biti odr\u017eana sjednica Savjeta za evropske integracije Vlade Srbije, na kojoj bi trebalo da bude ozvani\u010dena odluka o predaji aplikacije za EU u utorak.<\/p>\n","protected":false},"excerpt":{"rendered":"<p>Predsjednik Srbije Boris Tadi\u0107 preda\u0107e u utorak, 22. decembra, &scaron;vedskom premijeru i predsjedavaju\u0107em Evropske unije Frederiku Rajnfeldu zahtjev Srbije za \u010dlanstvo u EU, pi&scaron;e novosadski Dnevnik pozivaju\u0107i se na diplomatske izvore. &quot;Dr\u017eavni vrh je prelomio da sljede\u0107e nedjelje, odnosno u utorak, 22. decembra, Tadi\u0107 preda Rajnfeldu zahtjev Srbije za \u010dlanstvo u EU&quot;, rekli su ovom [&hellip;]<\/p>\n","protected":false},"author":1,"featured_media":0,"comment_status":"open","ping_status":"closed","sticky":false,"template":"","format":"standard","meta":{"_seopress_robots_primary_cat":"","_seopress_titles_title":"","_seopress_titles_desc":"","_seopress_robots_index":"","_et_pb_use_builder":"","_et_pb_old_content":"","_et_gb_content_width":"","inline_featured_image":false,"footnotes":""},"categories":[14],"tags":[],"class_list":["post-33352","post","type-post","status-publish","format-standard","hentry","category-vijesti"],"_links":{"self":[{"href":"https:\/\/www.pcnen.com\/portal\/wp-json\/wp\/v2\/posts\/33352","targetHints":{"allow":["GET"]}}],"collection":[{"href":"https:\/\/www.pcnen.com\/portal\/wp-json\/wp\/v2\/posts"}],"about":[{"href":"https:\/\/www.pcnen.com\/portal\/wp-json\/wp\/v2\/types\/post"}],"author":[{"embeddable":true,"href":"https:\/\/www.pcnen.com\/portal\/wp-json\/wp\/v2\/users\/1"}],"replies":[{"embeddable":true,"href":"https:\/\/www.pcnen.com\/portal\/wp-json\/wp\/v2\/comments?post=33352"}],"version-history":[{"count":0,"href":"https:\/\/www.pcnen.com\/portal\/wp-json\/wp\/v2\/posts\/33352\/revisions"}],"wp:attachment":[{"href":"https:\/\/www.pcnen.com\/portal\/wp-json\/wp\/v2\/media?parent=33352"}],"wp:term":[{"taxonomy":"category","embeddable":true,"href":"https:\/\/www.pcnen.com\/portal\/wp-json\/wp\/v2\/categories?post=33352"},{"taxonomy":"post_tag","embeddable":true,"href":"https:\/\/www.pcnen.com\/portal\/wp-json\/wp\/v2\/tags?post=33352"}],"curies":[{"name":"wp","href":"https:\/\/api.w.org\/{rel}","templated":true}]}}