{"id":33351,"date":"2009-12-18T09:55:23","date_gmt":"2009-12-18T09:55:23","guid":{"rendered":"http:\/\/www.pcnen.com\/portal\/?p=33351"},"modified":"2009-12-18T09:55:23","modified_gmt":"2009-12-18T09:55:23","slug":"uhapseni-navijaci-zbog-prijetnji-brankici-stankovic","status":"publish","type":"post","link":"https:\/\/www.pcnen.com\/portal\/2009\/12\/18\/uhapseni-navijaci-zbog-prijetnji-brankici-stankovic\/","title":{"rendered":"Uhap\u0161eni navija\u010di zbog prijetnji Brankici Stankovi\u0107"},"content":{"rendered":"<p>Ministar policije Srbije Ivica Da\u010di\u0107 rekao je da su uhap&scaron;ena dvojica huligana koji su na utakmici Partizan &#8211; &Scaron;ajhtor pozivali na ubistvo novinarke <em>B92<\/em> Brankice Stankovi\u0107.<\/p>\n<p>Da\u010di\u0107 je rekao da su uhap&scaron;eni Goran Klje&scaron;tan (33) i Aleksandar Peri&scaron;i\u0107 (28), koji su na utakmici Partizan &#8211; &Scaron;ajhtor pozivali na lin\u010d i ubistvo Brankice Stankovi\u0107. <\/p>\n<p>Ministar Da\u010di\u0107 rekao je za <em>B92<\/em> da je njima odre\u0111eno policijsko zadr\u017eavanje do 48 \u010dasova, a ostali u\u010desnici u grupi su identifikovani i o\u010dekuje se njihovo hap&scaron;enje. <\/p>\n","protected":false},"excerpt":{"rendered":"<p>Ministar policije Srbije Ivica Da\u010di\u0107 rekao je da su uhap&scaron;ena dvojica huligana koji su na utakmici Partizan &#8211; &Scaron;ajhtor pozivali na ubistvo novinarke B92 Brankice Stankovi\u0107. Da\u010di\u0107 je rekao da su uhap&scaron;eni Goran Klje&scaron;tan (33) i Aleksandar Peri&scaron;i\u0107 (28), koji su na utakmici Partizan &#8211; &Scaron;ajhtor pozivali na lin\u010d i ubistvo Brankice Stankovi\u0107. Ministar Da\u010di\u0107 [&hellip;]<\/p>\n","protected":false},"author":1,"featured_media":0,"comment_status":"open","ping_status":"closed","sticky":false,"template":"","format":"standard","meta":{"_seopress_robots_primary_cat":"","_seopress_titles_title":"","_seopress_titles_desc":"","_seopress_robots_index":"","_et_pb_use_builder":"","_et_pb_old_content":"","_et_gb_content_width":"","inline_featured_image":false,"footnotes":""},"categories":[14],"tags":[],"class_list":["post-33351","post","type-post","status-publish","format-standard","hentry","category-vijesti"],"_links":{"self":[{"href":"https:\/\/www.pcnen.com\/portal\/wp-json\/wp\/v2\/posts\/33351","targetHints":{"allow":["GET"]}}],"collection":[{"href":"https:\/\/www.pcnen.com\/portal\/wp-json\/wp\/v2\/posts"}],"about":[{"href":"https:\/\/www.pcnen.com\/portal\/wp-json\/wp\/v2\/types\/post"}],"author":[{"embeddable":true,"href":"https:\/\/www.pcnen.com\/portal\/wp-json\/wp\/v2\/users\/1"}],"replies":[{"embeddable":true,"href":"https:\/\/www.pcnen.com\/portal\/wp-json\/wp\/v2\/comments?post=33351"}],"version-history":[{"count":0,"href":"https:\/\/www.pcnen.com\/portal\/wp-json\/wp\/v2\/posts\/33351\/revisions"}],"wp:attachment":[{"href":"https:\/\/www.pcnen.com\/portal\/wp-json\/wp\/v2\/media?parent=33351"}],"wp:term":[{"taxonomy":"category","embeddable":true,"href":"https:\/\/www.pcnen.com\/portal\/wp-json\/wp\/v2\/categories?post=33351"},{"taxonomy":"post_tag","embeddable":true,"href":"https:\/\/www.pcnen.com\/portal\/wp-json\/wp\/v2\/tags?post=33351"}],"curies":[{"name":"wp","href":"https:\/\/api.w.org\/{rel}","templated":true}]}}