{"id":33349,"date":"2009-12-17T23:19:49","date_gmt":"2009-12-17T23:19:49","guid":{"rendered":"http:\/\/www.pcnen.com\/portal\/?p=33349"},"modified":"2009-12-17T23:19:49","modified_gmt":"2009-12-17T23:19:49","slug":"grinpisovci-upali-na-veceru-kod-danske-kraljice","status":"publish","type":"post","link":"https:\/\/www.pcnen.com\/portal\/2009\/12\/17\/grinpisovci-upali-na-veceru-kod-danske-kraljice\/","title":{"rendered":"Grinpisovci upali na ve\u010deru kod danske kraljice"},"content":{"rendered":"<p>Dvoje aktivista <em>Grinpisa<\/em> uspjeli su da u\u0111u u dvorac <em>Kristijansborg<\/em>, gdje danska kraljica prire\u0111uje ve\u010deru za &scaron;efove dr\u017eava i vlada, u\u010desnike Samita UN o klimi, prenosi B92.<\/p>\n<p>Na snimcima danske dr\u017eavne televizije DR mogu se vidjeti mu&scaron;karac i \u017eena u odgovaraju\u0107im ve\u010dernjim toaletama kako ulaze u dvorac i odjednom se okre\u0107u prema brojnim fotorepoterima sa ra&scaron;irenim transparentima <em>Grinpisa <\/em>na kome pi&scaron;e &quot;Politi\u010dari pri\u010daju. Lideri rade&quot;. <\/p>\n","protected":false},"excerpt":{"rendered":"<p>Dvoje aktivista Grinpisa uspjeli su da u\u0111u u dvorac Kristijansborg, gdje danska kraljica prire\u0111uje ve\u010deru za &scaron;efove dr\u017eava i vlada, u\u010desnike Samita UN o klimi, prenosi B92. Na snimcima danske dr\u017eavne televizije DR mogu se vidjeti mu&scaron;karac i \u017eena u odgovaraju\u0107im ve\u010dernjim toaletama kako ulaze u dvorac i odjednom se okre\u0107u prema brojnim fotorepoterima sa [&hellip;]<\/p>\n","protected":false},"author":1,"featured_media":0,"comment_status":"open","ping_status":"closed","sticky":false,"template":"","format":"standard","meta":{"_seopress_robots_primary_cat":"","_seopress_titles_title":"","_seopress_titles_desc":"","_seopress_robots_index":"","_et_pb_use_builder":"","_et_pb_old_content":"","_et_gb_content_width":"","inline_featured_image":false,"footnotes":""},"categories":[14],"tags":[],"class_list":["post-33349","post","type-post","status-publish","format-standard","hentry","category-vijesti"],"_links":{"self":[{"href":"https:\/\/www.pcnen.com\/portal\/wp-json\/wp\/v2\/posts\/33349","targetHints":{"allow":["GET"]}}],"collection":[{"href":"https:\/\/www.pcnen.com\/portal\/wp-json\/wp\/v2\/posts"}],"about":[{"href":"https:\/\/www.pcnen.com\/portal\/wp-json\/wp\/v2\/types\/post"}],"author":[{"embeddable":true,"href":"https:\/\/www.pcnen.com\/portal\/wp-json\/wp\/v2\/users\/1"}],"replies":[{"embeddable":true,"href":"https:\/\/www.pcnen.com\/portal\/wp-json\/wp\/v2\/comments?post=33349"}],"version-history":[{"count":0,"href":"https:\/\/www.pcnen.com\/portal\/wp-json\/wp\/v2\/posts\/33349\/revisions"}],"wp:attachment":[{"href":"https:\/\/www.pcnen.com\/portal\/wp-json\/wp\/v2\/media?parent=33349"}],"wp:term":[{"taxonomy":"category","embeddable":true,"href":"https:\/\/www.pcnen.com\/portal\/wp-json\/wp\/v2\/categories?post=33349"},{"taxonomy":"post_tag","embeddable":true,"href":"https:\/\/www.pcnen.com\/portal\/wp-json\/wp\/v2\/tags?post=33349"}],"curies":[{"name":"wp","href":"https:\/\/api.w.org\/{rel}","templated":true}]}}