{"id":33345,"date":"2009-12-17T20:23:30","date_gmt":"2009-12-17T20:23:30","guid":{"rendered":"http:\/\/www.pcnen.com\/portal\/?p=33345"},"modified":"2009-12-17T20:23:30","modified_gmt":"2009-12-17T20:23:30","slug":"njemacka-i-spanija-smanjuju-narudzbine-vakcina","status":"publish","type":"post","link":"https:\/\/www.pcnen.com\/portal\/2009\/12\/17\/njemacka-i-spanija-smanjuju-narudzbine-vakcina\/","title":{"rendered":"Njema\u010dka i \u0160panija smanjuju narud\u017ebine vakcina"},"content":{"rendered":"<p>Njema\u010dka i &Scaron;panija \u017eele da umanje naru\u010dene koli\u010dine vakcine protiv novog gripa i vrate vi&scaron;kove proizvo\u0111a\u010dima, usljed slabog interesovanja gra\u0111ana.<\/p>\n<p>Njema\u010dko Ministarstvo zdravlja saop&scaron;tilo je da neke njema\u010dke pokrajine ve\u0107 pregovaraju sa britanskom firmom &#8221;Glakso Smit Klajn&#8221; o smanjenju isporuka vakcine protiv virusa H1N1.<\/p>\n<p>Vlada u Berlinu objavila je ranije ovog mjeseca da \u017eeli da proda oko dva miliona doza vakcine protiv virusa H1N1, zbog slabe potra\u017enje.<\/p>\n<p>&Scaron;panski ministar zdravlja Trinidad Himenez izjavio je da njegova zemlja &#8221;razgovara sa farmaceutskim kompanijama&#8221; o vra\u0107anju neupotrebljenih vakcina.<\/p>\n<p>Zvani\u010dnik Ministarstva zdravlja rekao je da &Scaron;panija \u017eeli da vrati vakcine snabdjeva\u010dima, kako bi vakcine mogle da se stave u prodaju po apotekama, ili da ih po&scaron;alje ostalim \u010dlanicma EU da bi im pomogla u sprovo\u0111enju programa vakcinacije, prenosi agencija <em>Srna<\/em>. <\/p>\n","protected":false},"excerpt":{"rendered":"<p>Njema\u010dka i &Scaron;panija \u017eele da umanje naru\u010dene koli\u010dine vakcine protiv novog gripa i vrate vi&scaron;kove proizvo\u0111a\u010dima, usljed slabog interesovanja gra\u0111ana. Njema\u010dko Ministarstvo zdravlja saop&scaron;tilo je da neke njema\u010dke pokrajine ve\u0107 pregovaraju sa britanskom firmom &#8221;Glakso Smit Klajn&#8221; o smanjenju isporuka vakcine protiv virusa H1N1. Vlada u Berlinu objavila je ranije ovog mjeseca da \u017eeli da [&hellip;]<\/p>\n","protected":false},"author":1,"featured_media":0,"comment_status":"open","ping_status":"closed","sticky":false,"template":"","format":"standard","meta":{"_seopress_robots_primary_cat":"","_seopress_titles_title":"","_seopress_titles_desc":"","_seopress_robots_index":"","_et_pb_use_builder":"","_et_pb_old_content":"","_et_gb_content_width":"","inline_featured_image":false,"footnotes":""},"categories":[14],"tags":[],"class_list":["post-33345","post","type-post","status-publish","format-standard","hentry","category-vijesti"],"_links":{"self":[{"href":"https:\/\/www.pcnen.com\/portal\/wp-json\/wp\/v2\/posts\/33345","targetHints":{"allow":["GET"]}}],"collection":[{"href":"https:\/\/www.pcnen.com\/portal\/wp-json\/wp\/v2\/posts"}],"about":[{"href":"https:\/\/www.pcnen.com\/portal\/wp-json\/wp\/v2\/types\/post"}],"author":[{"embeddable":true,"href":"https:\/\/www.pcnen.com\/portal\/wp-json\/wp\/v2\/users\/1"}],"replies":[{"embeddable":true,"href":"https:\/\/www.pcnen.com\/portal\/wp-json\/wp\/v2\/comments?post=33345"}],"version-history":[{"count":0,"href":"https:\/\/www.pcnen.com\/portal\/wp-json\/wp\/v2\/posts\/33345\/revisions"}],"wp:attachment":[{"href":"https:\/\/www.pcnen.com\/portal\/wp-json\/wp\/v2\/media?parent=33345"}],"wp:term":[{"taxonomy":"category","embeddable":true,"href":"https:\/\/www.pcnen.com\/portal\/wp-json\/wp\/v2\/categories?post=33345"},{"taxonomy":"post_tag","embeddable":true,"href":"https:\/\/www.pcnen.com\/portal\/wp-json\/wp\/v2\/tags?post=33345"}],"curies":[{"name":"wp","href":"https:\/\/api.w.org\/{rel}","templated":true}]}}