{"id":33342,"date":"2009-12-17T20:02:04","date_gmt":"2009-12-17T20:02:04","guid":{"rendered":"http:\/\/www.pcnen.com\/portal\/?p=33342"},"modified":"2009-12-17T20:02:04","modified_gmt":"2009-12-17T20:02:04","slug":"odrzane-konsultacije-za-rekom-u-podgorici","status":"publish","type":"post","link":"https:\/\/www.pcnen.com\/portal\/2009\/12\/17\/odrzane-konsultacije-za-rekom-u-podgorici\/","title":{"rendered":"Odr\u017eane konsultacije za REKOM u Podgorici"},"content":{"rendered":"<p>U Podgorici su danas odr\u017eane konsultacije sa grupom crnogorskih intelektualaca\/ki o Inicijativi za osnivanje Regional\u010dne komisije za utvr\u0111ivanje \u010dinjenica o ratnim zlo\u010dinima i drugim te&scaron;kim kr&scaron;enjima ljudskih prava na prostoru biv&scaron;e SFRJ.<\/p>\n<p>Konsultacije je organozovao Centar za gra\u0111ansko obrazovanje (CGO), \u010dlan Koalicije za <a href=\"http:\/\/www.korekom.org\/\">REKOM.<\/a><\/p>\n<p>Svi u\u010desnici\/u\u010desnice su podr\u017eali inicijativu i podunili vi&scaron;e konkretnih predloga i sugestija.<\/p>\n","protected":false},"excerpt":{"rendered":"<p>U Podgorici su danas odr\u017eane konsultacije sa grupom crnogorskih intelektualaca\/ki o Inicijativi za osnivanje Regional\u010dne komisije za utvr\u0111ivanje \u010dinjenica o ratnim zlo\u010dinima i drugim te&scaron;kim kr&scaron;enjima ljudskih prava na prostoru biv&scaron;e SFRJ. Konsultacije je organozovao Centar za gra\u0111ansko obrazovanje (CGO), \u010dlan Koalicije za REKOM. Svi u\u010desnici\/u\u010desnice su podr\u017eali inicijativu i podunili vi&scaron;e konkretnih predloga i [&hellip;]<\/p>\n","protected":false},"author":1,"featured_media":0,"comment_status":"open","ping_status":"closed","sticky":false,"template":"","format":"standard","meta":{"_seopress_robots_primary_cat":"","_seopress_titles_title":"","_seopress_titles_desc":"","_seopress_robots_index":"","_et_pb_use_builder":"","_et_pb_old_content":"","_et_gb_content_width":"","inline_featured_image":false,"footnotes":""},"categories":[14],"tags":[],"class_list":["post-33342","post","type-post","status-publish","format-standard","hentry","category-vijesti"],"_links":{"self":[{"href":"https:\/\/www.pcnen.com\/portal\/wp-json\/wp\/v2\/posts\/33342","targetHints":{"allow":["GET"]}}],"collection":[{"href":"https:\/\/www.pcnen.com\/portal\/wp-json\/wp\/v2\/posts"}],"about":[{"href":"https:\/\/www.pcnen.com\/portal\/wp-json\/wp\/v2\/types\/post"}],"author":[{"embeddable":true,"href":"https:\/\/www.pcnen.com\/portal\/wp-json\/wp\/v2\/users\/1"}],"replies":[{"embeddable":true,"href":"https:\/\/www.pcnen.com\/portal\/wp-json\/wp\/v2\/comments?post=33342"}],"version-history":[{"count":0,"href":"https:\/\/www.pcnen.com\/portal\/wp-json\/wp\/v2\/posts\/33342\/revisions"}],"wp:attachment":[{"href":"https:\/\/www.pcnen.com\/portal\/wp-json\/wp\/v2\/media?parent=33342"}],"wp:term":[{"taxonomy":"category","embeddable":true,"href":"https:\/\/www.pcnen.com\/portal\/wp-json\/wp\/v2\/categories?post=33342"},{"taxonomy":"post_tag","embeddable":true,"href":"https:\/\/www.pcnen.com\/portal\/wp-json\/wp\/v2\/tags?post=33342"}],"curies":[{"name":"wp","href":"https:\/\/api.w.org\/{rel}","templated":true}]}}