{"id":33336,"date":"2009-12-17T15:49:31","date_gmt":"2009-12-17T15:49:31","guid":{"rendered":"http:\/\/www.pcnen.com\/portal\/?p=33336"},"modified":"2009-12-17T15:49:31","modified_gmt":"2009-12-17T15:49:31","slug":"pregovori-o-dvojnom-drzavljanstvu-prekinuti","status":"publish","type":"post","link":"https:\/\/www.pcnen.com\/portal\/2009\/12\/17\/pregovori-o-dvojnom-drzavljanstvu-prekinuti\/","title":{"rendered":"Pregovori o dvojnom dr\u017eavljanstvu prekinuti?"},"content":{"rendered":"<p>Pomo\u0107nik crnogorskog ministra unutra&scaron;njih poslova Osman Suba&scaron;i\u0107 rekao je podgori\u010dkim <em>Vijestima<\/em> da nema informaciju o tome da su pregovori o dvojnom dr\u017eavljanstvu izme\u0111u Crne Gore i Srbije prekinuti.<\/p>\n<p>Neimenovani visoki vladin zvani\u010dnik je rekao tom podgori\u010dkom dnevniku da sporazum o dvojnom dr\u017eavljanstvu izmedju Crne Gore i Srbije nije postignut, ali da pregovori nisu prekinuti.<\/p>\n<p>Beogradske <em>Ve\u010dernje novosti<\/em> objavile su ju\u010de da je iz Ministarstva spoljnih poslova Srbije nezvani\u010dno saop&scaron;teno da sporazum o dvojnom dr\u017eavljanstvu izmedju Srbije i Crne Gore nije postignut, da su pregovori prekinuti i da vi&scaron;e ne\u0107e biti nastavljani. <\/p>\n","protected":false},"excerpt":{"rendered":"<p>Pomo\u0107nik crnogorskog ministra unutra&scaron;njih poslova Osman Suba&scaron;i\u0107 rekao je podgori\u010dkim Vijestima da nema informaciju o tome da su pregovori o dvojnom dr\u017eavljanstvu izme\u0111u Crne Gore i Srbije prekinuti. Neimenovani visoki vladin zvani\u010dnik je rekao tom podgori\u010dkom dnevniku da sporazum o dvojnom dr\u017eavljanstvu izmedju Crne Gore i Srbije nije postignut, ali da pregovori nisu prekinuti. Beogradske [&hellip;]<\/p>\n","protected":false},"author":1,"featured_media":0,"comment_status":"open","ping_status":"closed","sticky":false,"template":"","format":"standard","meta":{"_seopress_robots_primary_cat":"","_seopress_titles_title":"","_seopress_titles_desc":"","_seopress_robots_index":"","_et_pb_use_builder":"","_et_pb_old_content":"","_et_gb_content_width":"","inline_featured_image":false,"footnotes":""},"categories":[14],"tags":[],"class_list":["post-33336","post","type-post","status-publish","format-standard","hentry","category-vijesti"],"_links":{"self":[{"href":"https:\/\/www.pcnen.com\/portal\/wp-json\/wp\/v2\/posts\/33336","targetHints":{"allow":["GET"]}}],"collection":[{"href":"https:\/\/www.pcnen.com\/portal\/wp-json\/wp\/v2\/posts"}],"about":[{"href":"https:\/\/www.pcnen.com\/portal\/wp-json\/wp\/v2\/types\/post"}],"author":[{"embeddable":true,"href":"https:\/\/www.pcnen.com\/portal\/wp-json\/wp\/v2\/users\/1"}],"replies":[{"embeddable":true,"href":"https:\/\/www.pcnen.com\/portal\/wp-json\/wp\/v2\/comments?post=33336"}],"version-history":[{"count":0,"href":"https:\/\/www.pcnen.com\/portal\/wp-json\/wp\/v2\/posts\/33336\/revisions"}],"wp:attachment":[{"href":"https:\/\/www.pcnen.com\/portal\/wp-json\/wp\/v2\/media?parent=33336"}],"wp:term":[{"taxonomy":"category","embeddable":true,"href":"https:\/\/www.pcnen.com\/portal\/wp-json\/wp\/v2\/categories?post=33336"},{"taxonomy":"post_tag","embeddable":true,"href":"https:\/\/www.pcnen.com\/portal\/wp-json\/wp\/v2\/tags?post=33336"}],"curies":[{"name":"wp","href":"https:\/\/api.w.org\/{rel}","templated":true}]}}