{"id":33331,"date":"2009-12-17T12:33:16","date_gmt":"2009-12-17T12:33:16","guid":{"rendered":"http:\/\/www.pcnen.com\/portal\/?p=33331"},"modified":"2009-12-17T12:33:16","modified_gmt":"2009-12-17T12:33:16","slug":"odbor-o-kontrolnom-saslusanju-ministra-vojnog","status":"publish","type":"post","link":"https:\/\/www.pcnen.com\/portal\/2009\/12\/17\/odbor-o-kontrolnom-saslusanju-ministra-vojnog\/","title":{"rendered":"Odbor o kontrolnom saslu\u0161anju ministra vojnog"},"content":{"rendered":"<p>Odbor za odbranu i bezbijednost izjasni\u0107e se danas o predlogu da se obavi kontrolno saslu&scaron;anje ministra odbrane Bora Vu\u010dini\u0107a zbog sumnje da je u Ministarstvu, bez zakonskog osnova, formirana obavje&scaron;tajna slu\u017eba, javio je <em>Radio Antena M. <\/em><\/p>\n","protected":false},"excerpt":{"rendered":"<p>Odbor za odbranu i bezbijednost izjasni\u0107e se danas o predlogu da se obavi kontrolno saslu&scaron;anje ministra odbrane Bora Vu\u010dini\u0107a zbog sumnje da je u Ministarstvu, bez zakonskog osnova, formirana obavje&scaron;tajna slu\u017eba, javio je Radio Antena M.<\/p>\n","protected":false},"author":1,"featured_media":0,"comment_status":"open","ping_status":"closed","sticky":false,"template":"","format":"standard","meta":{"_seopress_robots_primary_cat":"","_seopress_titles_title":"","_seopress_titles_desc":"","_seopress_robots_index":"","_et_pb_use_builder":"","_et_pb_old_content":"","_et_gb_content_width":"","inline_featured_image":false,"footnotes":""},"categories":[14],"tags":[],"class_list":["post-33331","post","type-post","status-publish","format-standard","hentry","category-vijesti"],"_links":{"self":[{"href":"https:\/\/www.pcnen.com\/portal\/wp-json\/wp\/v2\/posts\/33331","targetHints":{"allow":["GET"]}}],"collection":[{"href":"https:\/\/www.pcnen.com\/portal\/wp-json\/wp\/v2\/posts"}],"about":[{"href":"https:\/\/www.pcnen.com\/portal\/wp-json\/wp\/v2\/types\/post"}],"author":[{"embeddable":true,"href":"https:\/\/www.pcnen.com\/portal\/wp-json\/wp\/v2\/users\/1"}],"replies":[{"embeddable":true,"href":"https:\/\/www.pcnen.com\/portal\/wp-json\/wp\/v2\/comments?post=33331"}],"version-history":[{"count":0,"href":"https:\/\/www.pcnen.com\/portal\/wp-json\/wp\/v2\/posts\/33331\/revisions"}],"wp:attachment":[{"href":"https:\/\/www.pcnen.com\/portal\/wp-json\/wp\/v2\/media?parent=33331"}],"wp:term":[{"taxonomy":"category","embeddable":true,"href":"https:\/\/www.pcnen.com\/portal\/wp-json\/wp\/v2\/categories?post=33331"},{"taxonomy":"post_tag","embeddable":true,"href":"https:\/\/www.pcnen.com\/portal\/wp-json\/wp\/v2\/tags?post=33331"}],"curies":[{"name":"wp","href":"https:\/\/api.w.org\/{rel}","templated":true}]}}