{"id":33326,"date":"2009-12-17T11:33:30","date_gmt":"2009-12-17T11:33:30","guid":{"rendered":"http:\/\/www.pcnen.com\/portal\/?p=33326"},"modified":"2009-12-17T11:33:30","modified_gmt":"2009-12-17T11:33:30","slug":"zalba-evropskom-sudu-zbog-zabrane-minareta","status":"publish","type":"post","link":"https:\/\/www.pcnen.com\/portal\/2009\/12\/17\/zalba-evropskom-sudu-zbog-zabrane-minareta\/","title":{"rendered":"\u017dalba Evropskom sudu zbog zabrane minareta"},"content":{"rendered":"<p>Evropskom sudu za ljudska prava u Strazburu podnijeta je \u017ealba na pro&scaron;lomjese\u010dnu odluku usvojenu na referendumu u &Scaron;vajcarskoj kojom se zabranjuje izgradnja minareta u toj zemlji. <\/p>\n<p>\u017dalbu je podnio biv&scaron;i portparol \u017eenevske d\u017eamije, najve\u0107e u &Scaron;vajcarskoj, Hafid Uardiri, musliman ro\u0111en u Al\u017eiru sa francuskim dr\u017eavljanstvom koji vi&scaron;e od 30 godina \u017eivi u &Scaron;vajcarskoj, javljaju mediji pozivaju\u0107i se na izjavu njegovog advokata Pjera de Prea. <\/p>\n<p>Uardiri navodi u \u017ealbi da zabrana izgradnje minareta nije u skladu sa Evropskom konvencijom o ljudskim pravima. <\/p>\n<p>Referendum o zabrani izgradnje minareta u &Scaron;vajcarskoj odr\u017ean je 29. novembra. Vi&scaron;e od 57,5 odsto &Scaron;vajcaraca i 22 od 26 kantona u toj zemlji glasalo je za zabranu. <\/p>\n","protected":false},"excerpt":{"rendered":"<p>Evropskom sudu za ljudska prava u Strazburu podnijeta je \u017ealba na pro&scaron;lomjese\u010dnu odluku usvojenu na referendumu u &Scaron;vajcarskoj kojom se zabranjuje izgradnja minareta u toj zemlji. \u017dalbu je podnio biv&scaron;i portparol \u017eenevske d\u017eamije, najve\u0107e u &Scaron;vajcarskoj, Hafid Uardiri, musliman ro\u0111en u Al\u017eiru sa francuskim dr\u017eavljanstvom koji vi&scaron;e od 30 godina \u017eivi u &Scaron;vajcarskoj, javljaju mediji [&hellip;]<\/p>\n","protected":false},"author":1,"featured_media":0,"comment_status":"open","ping_status":"closed","sticky":false,"template":"","format":"standard","meta":{"_seopress_robots_primary_cat":"","_seopress_titles_title":"","_seopress_titles_desc":"","_seopress_robots_index":"","_et_pb_use_builder":"","_et_pb_old_content":"","_et_gb_content_width":"","inline_featured_image":false,"footnotes":""},"categories":[14],"tags":[],"class_list":["post-33326","post","type-post","status-publish","format-standard","hentry","category-vijesti"],"_links":{"self":[{"href":"https:\/\/www.pcnen.com\/portal\/wp-json\/wp\/v2\/posts\/33326","targetHints":{"allow":["GET"]}}],"collection":[{"href":"https:\/\/www.pcnen.com\/portal\/wp-json\/wp\/v2\/posts"}],"about":[{"href":"https:\/\/www.pcnen.com\/portal\/wp-json\/wp\/v2\/types\/post"}],"author":[{"embeddable":true,"href":"https:\/\/www.pcnen.com\/portal\/wp-json\/wp\/v2\/users\/1"}],"replies":[{"embeddable":true,"href":"https:\/\/www.pcnen.com\/portal\/wp-json\/wp\/v2\/comments?post=33326"}],"version-history":[{"count":0,"href":"https:\/\/www.pcnen.com\/portal\/wp-json\/wp\/v2\/posts\/33326\/revisions"}],"wp:attachment":[{"href":"https:\/\/www.pcnen.com\/portal\/wp-json\/wp\/v2\/media?parent=33326"}],"wp:term":[{"taxonomy":"category","embeddable":true,"href":"https:\/\/www.pcnen.com\/portal\/wp-json\/wp\/v2\/categories?post=33326"},{"taxonomy":"post_tag","embeddable":true,"href":"https:\/\/www.pcnen.com\/portal\/wp-json\/wp\/v2\/tags?post=33326"}],"curies":[{"name":"wp","href":"https:\/\/api.w.org\/{rel}","templated":true}]}}