{"id":333231,"date":"2021-11-23T19:16:21","date_gmt":"2021-11-23T18:16:21","guid":{"rendered":"https:\/\/www.pcnen.com\/portal\/?p=333231"},"modified":"2021-11-23T19:17:51","modified_gmt":"2021-11-23T18:17:51","slug":"poslednja-ponuda","status":"publish","type":"post","link":"https:\/\/www.pcnen.com\/portal\/2021\/11\/23\/poslednja-ponuda\/","title":{"rendered":"Poslednja ponuda"},"content":{"rendered":"<p>Ju\u010de je Demokratski front obznanio kako izgleda jo\u0161 jedna njihova \u201eposlednja ponuda\u201c za prevazila\u017eenje krize u aktuelnoj ve\u0107ini. Front je \u201evelikodu\u0161no\u201c, pored ostalog, ponudio mjesto premijera Demokratama ili URA-i, ponavljaju\u0107i, po ko zna koji put, mantru o po\u0161tovanju izborne volje gra\u0111ana. Zaboravljaju\u0107i pritom da je izborna volja velikog dijela glasa\u010da URA-e &#8211; i mene me\u0111u njima, bila ne\u0161to potpuno druga\u010dije od onog \u0161to nude i rade, kako DF tako aktuelna vlada, kao i \u010dinjenicu da je premijer nosilac liste upravo Demokratskog fronta, a da bez URA-e ne postoji ve\u0107inske volje gra\u0111ana. To \u0161to je Krivokapi\u0107 u me\u0111uvremenu postao \u201eizdajnik\u201c \u2013 kako tvrde u DF-u, najve\u0107a je njihova samooptu\u017eba. Jer ako su \u010dovjeka koji ih je izdao stavili kao nosioca izborne liste, onda bi \u010delnici Fronta \u2013 ako su principijelni \u2013 \u0161to stalno isti\u010du &#8211; tra\u017eili novu vladu i premijera uporedo sa podno\u0161enjem ostavki na liderske pozicije zbog li\u010dne odgovornosti za tako nedopustivu gre\u0161ku. U normalnom politi\u010dkim dru\u0161tvima to bi od njih prvi \u00a0tra\u017eili njihovi glasa\u010di, a onda bi i premijer bio prinu\u0111en da podnese ostavku.<\/p>\n<p>Svi koji poznaju na\u010din funkcionisanja Demokratskog fronta, znaju da su \u201evelikodu\u0161ni ustupci\u201c koje nude Demokratama i URA-i \u00a0samo nastavak predstave koja traje od formiranja Vlade i da je dogovor sa DF-om na principijelnim osnovama prosto nemogu\u0107. Ne samo sad, ve\u0107 uop\u0161te. Kao jedan od pregovara\u010da dok su trajali protesti \u201eOdupri se\u201c konkretno sam se uvjerio u to, kao i kako izgledaju fingirane ponude koje su u stvari predstava za javnost, a koje slu\u017ee za uru\u0161avanje onog koga \u017eele uru\u0161iti: tada proteste, sada Krivokapi\u0107a i njegovu vladu. Be\u010di\u0107 i Abazovi\u0107 to tako\u0111e veoma dobro znaju, ali su zaokupljeni me\u0111usobnim ratom, poku\u0161ajima diskreditacije i diskvalifikacije jedni drugih. Istovremeno, Krivokapi\u0107 je iz permanentne defanzive, utopijskim predizbornim projektom \u201eEvropa sad\u201c stavio Front u nikad gori polo\u017eaj. \u010cim je malo iza\u0161ao iz okrilja stalnog dodvoranja Crkvi i sprovo\u0111enja crkvenih ideolo\u0161kih agendi kroz djelovanje vlade sa ne\u010dim \u0161to gra\u0111anima izgleda opipljivo i \u0161to je neka vrsta li\u010dnog ekonomskog spasa kroz pove\u0107anje plata i penzija prije svega, Krivokapi\u0107 opet u njihovim o\u010dima postaje mesija, ovaj put u materijalnom ne u duhovnom smislu. \u201eMar\u0161alov plan\u201c, tj. ekonomski planovi oporavka zemlje i podizanje li\u010dnog standarda,\u00a0 ipak je ono \u0161to gra\u0111ane najvi\u0161e interesuje, pokazalo se kroz izra\u017eenu podr\u0161ku i nadu.<\/p>\n<p>Skeptik sam po pitanju mogu\u0107nosti ostvarivanja \u201eMar\u0161alovog\u00a0 plana\u201c. Mislim da nema realnih izvora za predvi\u0111eni rast plata &#8211; a shodno njima i penzija &#8211; te da je plan dio predizborne kampanje, pariranje stalnim osptrukcijama Demokratskog fronta. Me\u0111utim, i da nijesam u pravu \u2013 \u0161to bih volio &#8211; da je on izvodljiv, sada\u0161nji vlada jednostavno nema mehanizama da ga sprovede u djelo \u00a0jer ima usiljenu i neiskrenu podr\u0161ku parlamentarne ve\u0107ine. Niko nikom u njoj ne vjeruje, svi su me\u0111usobno posva\u0111ani, misle uglavnom na pozicioniranje za naredne izbore; ne zna se do kada \u0107e vlada formalno opstati, ko i kad \u0107e je sru\u0161iti, a sve vi\u0161e ima indicija da bi Gra\u0111anski pokret URA mogao dobiti podr\u0161ku za manjinsku vladu poslije opstrukcije od strane DF-a usvajanju desetina zakona koji su ve\u0107 mjesecima na \u010dekanju u Skup\u0161tini &#8211; i bud\u017eeta.<\/p>\n<p>Dakle, problem jeste primarno u Demokratskom frontu, ali i u ostalim konstituentima aktuelne ve\u0107ine. Vidimo da su URA i Demokrate u stalnom ratu, sli\u010dno onom koji su nekad vodili DF i Demokrate, da Abazovi\u0107 vi\u0161e bezrezervno ne podr\u017eava Krivokapi\u0107a kao nekad, niti Krivokapi\u0107 njega. Naprotiv, o\u010digledno je da Abazovi\u0107 ni po koju cijenu ne \u017eeli da dozvoli Krivokapi\u0107u smjenu Sekulovi\u0107a i Br\u0111anina, a da premijer ne odustaje od poku\u0161aja da ih smjeni, diskvalifikuju\u0107i ih, \u0161to je pokazao i na konferenciji za \u0161tampu pri predstavljanju plana &#8220;Evropa sad&#8221;.<\/p>\n<p>Demokrate se pla\u0161e ni\u0161ta manje nego DF od formiranja premijerove Demohri\u0161\u0107anske stranke jer bi u\u0161la i u njihovo glasa\u010dko tijelo, samo \u0161to to ne pokazuju toliko otvoreno kao DF, tako da i oni prave tihi otklon od Krivokapi\u0107a. Vijesti kao najuticajniji medij odavno su u ratu sa Demokratskim frontom, sada su krenule u prozivke Demokrata, na \u0161to ovi \u017eestoko uzvra\u0107aju.\u00a0 Sukobljavaju\u0107i se i sa Zlatkom Vujovi\u0107em, uticajnim NVO aktivistom kojeg mnogi smatraju bliskim DPS-u, otvoreno i brutalno poku\u0161avaju\u0107i da ga diskredituju, Demokrate ratuju na nekoliko frontova: sa URA-om, Vijestima, dijelom NVO sektora, a o\u010digledno je da ni sa Krivokapi\u0107em i me\u0111unarodnim centrima mo\u0107i vi\u0161e nijesu toliko bliski. Osim prikrivenog savezni\u0161tva sa crkvom, bez svojih medija a u ratu sa svima, mogu samo da izgube, \u0161to ih mo\u017ee okrenuti jo\u0161 vi\u0161e desno i ko\u0161tati vidnim padom podr\u0161ke.<\/p>\n<p>Uglavnom, ovako op\u0161te stanje je prosto neodr\u017eivo, blokirano je sve a deblokade se doziraju na ka\u0161i\u010dicu, pod pritiskom javnosti. Skup\u0161tina ne radi u punom kapacitetu, Vlada tako\u0111e, dio ministarstava je pod kontrolom potpredsjednika a dio pod kontrolom predsjednika Vlade. Opet, trenutno niko nema snage i hrabrosti da tu agoniju prekine i javno uskrati podr\u0161ku Vladi. Podr\u0161ku koja realno na postoji u vladaju\u0107oj ve\u0107ini.<\/p>\n<p>Decembar, ali ne 10. kada isti\u010de rok za prihvatanje \u201eposlednje ponude DF\u201c, je mjesec kada se definitivno mora rje\u0161iti ova pat situacija koja preduga traje: ili pru\u017eanjem \u010dvr\u0161\u0107e podr\u0161ke Vladi ili izglasavanjem nepovjerenja. U suprotnom, institucije sistema \u0107e biti u blokadi i jo\u0161 ve\u0107oj anarhiji, a svi gra\u0111ani i dru\u0161tvo u neizvjesnosti i na gubitku.<\/p>\n","protected":false},"excerpt":{"rendered":"<p>Pi\u0161e: Omer \u0160ARKI\u0106<\/p>\n","protected":false},"author":12,"featured_media":286086,"comment_status":"open","ping_status":"closed","sticky":false,"template":"","format":"standard","meta":{"_seopress_robots_primary_cat":"","_seopress_titles_title":"","_seopress_titles_desc":"","_seopress_robots_index":"","_et_pb_use_builder":"","_et_pb_old_content":"","_et_gb_content_width":"","inline_featured_image":false,"footnotes":""},"categories":[17],"tags":[],"class_list":["post-333231","post","type-post","status-publish","format-standard","has-post-thumbnail","hentry","category-blogovi"],"_links":{"self":[{"href":"https:\/\/www.pcnen.com\/portal\/wp-json\/wp\/v2\/posts\/333231","targetHints":{"allow":["GET"]}}],"collection":[{"href":"https:\/\/www.pcnen.com\/portal\/wp-json\/wp\/v2\/posts"}],"about":[{"href":"https:\/\/www.pcnen.com\/portal\/wp-json\/wp\/v2\/types\/post"}],"author":[{"embeddable":true,"href":"https:\/\/www.pcnen.com\/portal\/wp-json\/wp\/v2\/users\/12"}],"replies":[{"embeddable":true,"href":"https:\/\/www.pcnen.com\/portal\/wp-json\/wp\/v2\/comments?post=333231"}],"version-history":[{"count":5,"href":"https:\/\/www.pcnen.com\/portal\/wp-json\/wp\/v2\/posts\/333231\/revisions"}],"predecessor-version":[{"id":333245,"href":"https:\/\/www.pcnen.com\/portal\/wp-json\/wp\/v2\/posts\/333231\/revisions\/333245"}],"wp:featuredmedia":[{"embeddable":true,"href":"https:\/\/www.pcnen.com\/portal\/wp-json\/wp\/v2\/media\/286086"}],"wp:attachment":[{"href":"https:\/\/www.pcnen.com\/portal\/wp-json\/wp\/v2\/media?parent=333231"}],"wp:term":[{"taxonomy":"category","embeddable":true,"href":"https:\/\/www.pcnen.com\/portal\/wp-json\/wp\/v2\/categories?post=333231"},{"taxonomy":"post_tag","embeddable":true,"href":"https:\/\/www.pcnen.com\/portal\/wp-json\/wp\/v2\/tags?post=333231"}],"curies":[{"name":"wp","href":"https:\/\/api.w.org\/{rel}","templated":true}]}}