{"id":33322,"date":"2009-12-17T09:03:02","date_gmt":"2009-12-17T09:03:02","guid":{"rendered":"http:\/\/www.pcnen.com\/portal\/?p=33322"},"modified":"2009-12-17T09:03:02","modified_gmt":"2009-12-17T09:03:02","slug":"rda-za-razvoj-sjevera","status":"publish","type":"post","link":"https:\/\/www.pcnen.com\/portal\/2009\/12\/17\/rda-za-razvoj-sjevera\/","title":{"rendered":"RDA za razvoj sjevera"},"content":{"rendered":"<p>Osnovana je prva Regionalna Agencija za razvoj (RDA) po evropskom modelu, koja \u0107e pokrivati region Bjelasice, Komova i Prokletija, <a href=\"http:\/\/www.minpolj.gov.me\/index.php?akcija=vijesti&amp;id=178781\">saop&scaron;tilo je<\/a> crnogorsko Ministarstvo poljoprivrede, &scaron;umarstva i vodoprivrede. <\/p>\n<p>Rad Agencije \u0107e u slede\u0107e tri godine finansirati Austrijska Agencija za razvoj sa 1.5 miliona eura, a resorno ministarstvo \u0107e biti kofinansijer sa 150.000 eura. <\/p>\n<p>RDA ima dvije kancelarije u Beranama i Kola&scaron;inu, sa ukupno pet zaposlenih. <\/p>\n<p>Ona je izrasla na temeljima implementacije dugoro\u010dnog programa austrijsko-crnogorskog partnerstva. <\/p>\n<p>Regionalnom poduhvatu priklju\u010dilo se &scaron;est op&scaron;tina: Andrijevica, Berane, Bijelo Polje, Kola&scaron;in, Mojkovac i najnoviji \u010dlan, op&scaron;tina Plav.&nbsp; <\/p>\n","protected":false},"excerpt":{"rendered":"<p>Osnovana je prva Regionalna Agencija za razvoj (RDA) po evropskom modelu, koja \u0107e pokrivati region Bjelasice, Komova i Prokletija, saop&scaron;tilo je crnogorsko Ministarstvo poljoprivrede, &scaron;umarstva i vodoprivrede. Rad Agencije \u0107e u slede\u0107e tri godine finansirati Austrijska Agencija za razvoj sa 1.5 miliona eura, a resorno ministarstvo \u0107e biti kofinansijer sa 150.000 eura. RDA ima dvije [&hellip;]<\/p>\n","protected":false},"author":1,"featured_media":0,"comment_status":"open","ping_status":"closed","sticky":false,"template":"","format":"standard","meta":{"_seopress_robots_primary_cat":"","_seopress_titles_title":"","_seopress_titles_desc":"","_seopress_robots_index":"","_et_pb_use_builder":"","_et_pb_old_content":"","_et_gb_content_width":"","inline_featured_image":false,"footnotes":""},"categories":[14],"tags":[],"class_list":["post-33322","post","type-post","status-publish","format-standard","hentry","category-vijesti"],"_links":{"self":[{"href":"https:\/\/www.pcnen.com\/portal\/wp-json\/wp\/v2\/posts\/33322","targetHints":{"allow":["GET"]}}],"collection":[{"href":"https:\/\/www.pcnen.com\/portal\/wp-json\/wp\/v2\/posts"}],"about":[{"href":"https:\/\/www.pcnen.com\/portal\/wp-json\/wp\/v2\/types\/post"}],"author":[{"embeddable":true,"href":"https:\/\/www.pcnen.com\/portal\/wp-json\/wp\/v2\/users\/1"}],"replies":[{"embeddable":true,"href":"https:\/\/www.pcnen.com\/portal\/wp-json\/wp\/v2\/comments?post=33322"}],"version-history":[{"count":0,"href":"https:\/\/www.pcnen.com\/portal\/wp-json\/wp\/v2\/posts\/33322\/revisions"}],"wp:attachment":[{"href":"https:\/\/www.pcnen.com\/portal\/wp-json\/wp\/v2\/media?parent=33322"}],"wp:term":[{"taxonomy":"category","embeddable":true,"href":"https:\/\/www.pcnen.com\/portal\/wp-json\/wp\/v2\/categories?post=33322"},{"taxonomy":"post_tag","embeddable":true,"href":"https:\/\/www.pcnen.com\/portal\/wp-json\/wp\/v2\/tags?post=33322"}],"curies":[{"name":"wp","href":"https:\/\/api.w.org\/{rel}","templated":true}]}}