{"id":33308,"date":"2009-12-16T15:27:12","date_gmt":"2009-12-16T15:27:12","guid":{"rendered":"http:\/\/www.pcnen.com\/portal\/?p=33308"},"modified":"2009-12-16T15:27:12","modified_gmt":"2009-12-16T15:27:12","slug":"svjedok-pejovic-pod-zastitom-lokalne-policije","status":"publish","type":"post","link":"https:\/\/www.pcnen.com\/portal\/2009\/12\/16\/svjedok-pejovic-pod-zastitom-lokalne-policije\/","title":{"rendered":"Svjedok Pejovi\u0107 pod za\u0161titom lokalne policije"},"content":{"rendered":"<p>Pejovi\u0107 je rekao da je ve\u0107 pod mjerama za&scaron;tite lokalne policije, koja to \u010dini ne ograni\u010davaju\u0107i njegovu slobodu. Mjere koje su predlo\u017eili predstavnici specijalne jedinice mu ograni\u010davaju slobodu kretanja i za njega nijesu prihvatljive.<\/p>\n<p>Pejovi\u0107 i njegova imovina (automobil) su u vi&scaron;e navrati bili izlo\u017eeni napadima i prijetnjama nepoznatih osoba, ali od njegovih posljednjih javnih istupa su napadi i prijetnje prestali. <\/p>\n<p>Pejovi\u0107 je direktno optu\u017eio Agenciju za nacionalnu bezbjednost Crne Gore da priprema njegovu likvidaciju.<\/p>\n","protected":false},"excerpt":{"rendered":"<p>Slobodan Pejovi\u0107, biv&scaron;i policijski inspektor i krunski svjedok u slu\u010daju deportacije iz Crne Gore gra\u0111ana BiH islamske vjeroispovijesti, prihvatio je za&scaron;titu lokalne policije u Herceg Novom, gdje \u017eivi sa porodicom, ali ne i specijalne jedinice za za&scaron;titu svjedoka, prenijela je Radio <em>Antena M<\/em> vijest agencije <em>Mina<\/em>.<\/p>\n","protected":false},"author":1,"featured_media":0,"comment_status":"open","ping_status":"closed","sticky":false,"template":"","format":"standard","meta":{"_seopress_robots_primary_cat":"","_seopress_titles_title":"","_seopress_titles_desc":"","_seopress_robots_index":"","_et_pb_use_builder":"","_et_pb_old_content":"","_et_gb_content_width":"","inline_featured_image":false,"footnotes":""},"categories":[14],"tags":[],"class_list":["post-33308","post","type-post","status-publish","format-standard","hentry","category-vijesti"],"_links":{"self":[{"href":"https:\/\/www.pcnen.com\/portal\/wp-json\/wp\/v2\/posts\/33308","targetHints":{"allow":["GET"]}}],"collection":[{"href":"https:\/\/www.pcnen.com\/portal\/wp-json\/wp\/v2\/posts"}],"about":[{"href":"https:\/\/www.pcnen.com\/portal\/wp-json\/wp\/v2\/types\/post"}],"author":[{"embeddable":true,"href":"https:\/\/www.pcnen.com\/portal\/wp-json\/wp\/v2\/users\/1"}],"replies":[{"embeddable":true,"href":"https:\/\/www.pcnen.com\/portal\/wp-json\/wp\/v2\/comments?post=33308"}],"version-history":[{"count":0,"href":"https:\/\/www.pcnen.com\/portal\/wp-json\/wp\/v2\/posts\/33308\/revisions"}],"wp:attachment":[{"href":"https:\/\/www.pcnen.com\/portal\/wp-json\/wp\/v2\/media?parent=33308"}],"wp:term":[{"taxonomy":"category","embeddable":true,"href":"https:\/\/www.pcnen.com\/portal\/wp-json\/wp\/v2\/categories?post=33308"},{"taxonomy":"post_tag","embeddable":true,"href":"https:\/\/www.pcnen.com\/portal\/wp-json\/wp\/v2\/tags?post=33308"}],"curies":[{"name":"wp","href":"https:\/\/api.w.org\/{rel}","templated":true}]}}