{"id":33306,"date":"2009-12-16T13:00:38","date_gmt":"2009-12-16T13:00:38","guid":{"rendered":"http:\/\/www.pcnen.com\/portal\/?p=33306"},"modified":"2009-12-16T13:00:38","modified_gmt":"2009-12-16T13:00:38","slug":"porto-montenegro-kao-granicni-prelaz","status":"publish","type":"post","link":"https:\/\/www.pcnen.com\/portal\/2009\/12\/16\/porto-montenegro-kao-granicni-prelaz\/","title":{"rendered":"Porto Montenegro kao grani\u010dni prelaz"},"content":{"rendered":"<p><em>Porto Montenegro<\/em> \u0107e u slede\u0107oj godini dobiti status me\u0111unarodnog grani\u010dnog prelaza, objavio je tivatski <em>Radio Dux<\/em>, pozivaju\u0107i se na Maju Vuja&scaron;kovi\u0107, portparolku <em>Adriatik Marinasa<\/em>.<\/p>\n<p>Ona je izjavila da je to zna\u010dajno jer \u0107e sve jahte mo\u0107i da obave&nbsp; administrativnu proceduru u samoj marini. <\/p>\n<p>Kapacitet marine sa postojecih 85 vezova bi\u0107e pove\u0107an na 193,&nbsp; sa mogu\u0107no&scaron;\u0107u punjenja goriva u samoj marini. <\/p>\n","protected":false},"excerpt":{"rendered":"<p>Porto Montenegro \u0107e u slede\u0107oj godini dobiti status me\u0111unarodnog grani\u010dnog prelaza, objavio je tivatski Radio Dux, pozivaju\u0107i se na Maju Vuja&scaron;kovi\u0107, portparolku Adriatik Marinasa. Ona je izjavila da je to zna\u010dajno jer \u0107e sve jahte mo\u0107i da obave&nbsp; administrativnu proceduru u samoj marini. Kapacitet marine sa postojecih 85 vezova bi\u0107e pove\u0107an na 193,&nbsp; sa mogu\u0107no&scaron;\u0107u [&hellip;]<\/p>\n","protected":false},"author":1,"featured_media":0,"comment_status":"open","ping_status":"closed","sticky":false,"template":"","format":"standard","meta":{"_seopress_robots_primary_cat":"","_seopress_titles_title":"","_seopress_titles_desc":"","_seopress_robots_index":"","_et_pb_use_builder":"","_et_pb_old_content":"","_et_gb_content_width":"","inline_featured_image":false,"footnotes":""},"categories":[14],"tags":[],"class_list":["post-33306","post","type-post","status-publish","format-standard","hentry","category-vijesti"],"_links":{"self":[{"href":"https:\/\/www.pcnen.com\/portal\/wp-json\/wp\/v2\/posts\/33306","targetHints":{"allow":["GET"]}}],"collection":[{"href":"https:\/\/www.pcnen.com\/portal\/wp-json\/wp\/v2\/posts"}],"about":[{"href":"https:\/\/www.pcnen.com\/portal\/wp-json\/wp\/v2\/types\/post"}],"author":[{"embeddable":true,"href":"https:\/\/www.pcnen.com\/portal\/wp-json\/wp\/v2\/users\/1"}],"replies":[{"embeddable":true,"href":"https:\/\/www.pcnen.com\/portal\/wp-json\/wp\/v2\/comments?post=33306"}],"version-history":[{"count":0,"href":"https:\/\/www.pcnen.com\/portal\/wp-json\/wp\/v2\/posts\/33306\/revisions"}],"wp:attachment":[{"href":"https:\/\/www.pcnen.com\/portal\/wp-json\/wp\/v2\/media?parent=33306"}],"wp:term":[{"taxonomy":"category","embeddable":true,"href":"https:\/\/www.pcnen.com\/portal\/wp-json\/wp\/v2\/categories?post=33306"},{"taxonomy":"post_tag","embeddable":true,"href":"https:\/\/www.pcnen.com\/portal\/wp-json\/wp\/v2\/tags?post=33306"}],"curies":[{"name":"wp","href":"https:\/\/api.w.org\/{rel}","templated":true}]}}