{"id":33294,"date":"2009-12-15T22:29:45","date_gmt":"2009-12-15T22:29:45","guid":{"rendered":"http:\/\/www.pcnen.com\/portal\/?p=33294"},"modified":"2009-12-15T22:29:45","modified_gmt":"2009-12-15T22:29:45","slug":"nista-od-sporazuma-o-dvojnom-drzavljanstvu","status":"publish","type":"post","link":"https:\/\/www.pcnen.com\/portal\/2009\/12\/15\/nista-od-sporazuma-o-dvojnom-drzavljanstvu\/","title":{"rendered":"Ni\u0161ta od sporazuma o dvojnom dr\u017eavljanstvu"},"content":{"rendered":"<p>To je <em>Ve\u010dernjim Novostima<\/em> potvr\u0111eno u Ministarstvu inostranih poslova Srbije, a nezvani\u010dno i u MIP Crne Gore, uz obja&scaron;njenje da \u0107e pitanje dvojnog dr\u017eavljanstva ubudu\u0107e biti rje&scaron;avano po sada va\u017ee\u0107im zakonima u obje dr\u017eave. <br \/>To zna\u010di da \u0107e dr\u017eavljani Crne Gore i dalje mo\u0107i da dobiju dr\u017eavljanstvo Srbije, dok se obrnuto to mo\u017ee desiti samo u izuzetnim slu\u010dajevima, kada se procijeni da je rije\u010d o osobama od posebnog zna\u010daja za Crnu Goru. <\/p>\n<p>Uz to svi gra\u0111ani koji dobiju bilo koje dvojno dr\u017eavljanstvo, pa i Srbije, bi\u0107e automatski brisani iz knjige crnogorskog dr\u017eavljanstva.<\/p>\n<p>U praksi se to trenutno ne de&scaron;ava po&scaron;to zvani\u010dni Beograd ne obavje&scaron;tava Podgoricu o tome ko je od crnogorskih dr\u017eavljana dobio dvojno dr\u017eavljanstvo, kazali su listu u MUP Crne Gore.<\/p>\n","protected":false},"excerpt":{"rendered":"<p>Sporazum o dvojnom dr\u017eavljanstvu izme\u0111u Srbije i Crne Gore nije postignut, pregovori su prekinuti i, definitivno, vi&scaron;e ne\u0107e biti nastavljani.<\/p>\n","protected":false},"author":1,"featured_media":0,"comment_status":"open","ping_status":"closed","sticky":false,"template":"","format":"standard","meta":{"_seopress_robots_primary_cat":"","_seopress_titles_title":"","_seopress_titles_desc":"","_seopress_robots_index":"","_et_pb_use_builder":"","_et_pb_old_content":"","_et_gb_content_width":"","inline_featured_image":false,"footnotes":""},"categories":[14],"tags":[],"class_list":["post-33294","post","type-post","status-publish","format-standard","hentry","category-vijesti"],"_links":{"self":[{"href":"https:\/\/www.pcnen.com\/portal\/wp-json\/wp\/v2\/posts\/33294","targetHints":{"allow":["GET"]}}],"collection":[{"href":"https:\/\/www.pcnen.com\/portal\/wp-json\/wp\/v2\/posts"}],"about":[{"href":"https:\/\/www.pcnen.com\/portal\/wp-json\/wp\/v2\/types\/post"}],"author":[{"embeddable":true,"href":"https:\/\/www.pcnen.com\/portal\/wp-json\/wp\/v2\/users\/1"}],"replies":[{"embeddable":true,"href":"https:\/\/www.pcnen.com\/portal\/wp-json\/wp\/v2\/comments?post=33294"}],"version-history":[{"count":0,"href":"https:\/\/www.pcnen.com\/portal\/wp-json\/wp\/v2\/posts\/33294\/revisions"}],"wp:attachment":[{"href":"https:\/\/www.pcnen.com\/portal\/wp-json\/wp\/v2\/media?parent=33294"}],"wp:term":[{"taxonomy":"category","embeddable":true,"href":"https:\/\/www.pcnen.com\/portal\/wp-json\/wp\/v2\/categories?post=33294"},{"taxonomy":"post_tag","embeddable":true,"href":"https:\/\/www.pcnen.com\/portal\/wp-json\/wp\/v2\/tags?post=33294"}],"curies":[{"name":"wp","href":"https:\/\/api.w.org\/{rel}","templated":true}]}}