{"id":33292,"date":"2009-12-15T21:00:17","date_gmt":"2009-12-15T21:00:17","guid":{"rendered":"http:\/\/www.pcnen.com\/portal\/?p=33292"},"modified":"2009-12-15T21:00:17","modified_gmt":"2009-12-15T21:00:17","slug":"zaplijenjeno-10-kg-skanka","status":"publish","type":"post","link":"https:\/\/www.pcnen.com\/portal\/2009\/12\/15\/zaplijenjeno-10-kg-skanka\/","title":{"rendered":"Zaplijenjeno 10 kg skanka"},"content":{"rendered":"<p>Podgori\u010dka policija je zaplijenila 10 kilograma skanka i li&scaron;ili slobode jedno lice, osumnji\u010deno za krijum\u010darenje ove opojne droge, dok se za drugim licem traga, saop&scaron;tila je<a href=\"http:\/\/www.upravapolicije.com\/uprava_policije_zaplijenjeno-10-kg-skanka--jedno-lice-liseno-slobode_3789.html\"> Uprava policije.<\/a><\/p>\n<p>Droga je zaplijenjena ju\u010de na regionalnom putu Tuzi &#8211; Matagu\u017ei, u mjestu Du&scaron;i\u0107i, u automobilu kojim je upravljao dr\u017eavljanin Republike Albanije, M.D. (46) iz Koplika. U vozilu se, kao saputnik, nalazio i njegov bratani\u0107 V.D. (19) iz Vrake, koji je uspio da pobjegne.<\/p>\n<p>Ovo je tre\u0107a akcija,&nbsp;u kojoj&nbsp;je, u protekla tri dana, policija li&scaron;ila slobode tri lica zbog sumnje da su po\u010dinila krivi\u010dna djela iz oblasti zloupotrebe narkotika i otkrila i zaplijenila 98 kilograma skanka. <\/p>\n<p>Grani\u010dna policija Herceg Novog je u nedjelju li&scaron;ili slobode i zadr\u017eali \u017d.K. (26) iz Novog Grada &#8211; Bosna i Hercegovina, u \u010dijem su vozilu prona&scaron;li 18 kilograma skanka. Dan ranije, slu\u017ebenici Ispostave grani\u010dne policije Nik&scaron;i\u0107 su u vozilu M.N. (41) iz Nik&scaron;i\u0107a prona&scaron;li i oduzeli 70 kilograma skanka.&nbsp;&nbsp; <\/p>\n","protected":false},"excerpt":{"rendered":"<p>Podgori\u010dka policija je zaplijenila 10 kilograma skanka i li&scaron;ili slobode jedno lice, osumnji\u010deno za krijum\u010darenje ove opojne droge, dok se za drugim licem traga, saop&scaron;tila je Uprava policije. Droga je zaplijenjena ju\u010de na regionalnom putu Tuzi &#8211; Matagu\u017ei, u mjestu Du&scaron;i\u0107i, u automobilu kojim je upravljao dr\u017eavljanin Republike Albanije, M.D. (46) iz Koplika. U vozilu [&hellip;]<\/p>\n","protected":false},"author":1,"featured_media":0,"comment_status":"open","ping_status":"closed","sticky":false,"template":"","format":"standard","meta":{"_seopress_robots_primary_cat":"","_seopress_titles_title":"","_seopress_titles_desc":"","_seopress_robots_index":"","_et_pb_use_builder":"","_et_pb_old_content":"","_et_gb_content_width":"","inline_featured_image":false,"footnotes":""},"categories":[14],"tags":[],"class_list":["post-33292","post","type-post","status-publish","format-standard","hentry","category-vijesti"],"_links":{"self":[{"href":"https:\/\/www.pcnen.com\/portal\/wp-json\/wp\/v2\/posts\/33292","targetHints":{"allow":["GET"]}}],"collection":[{"href":"https:\/\/www.pcnen.com\/portal\/wp-json\/wp\/v2\/posts"}],"about":[{"href":"https:\/\/www.pcnen.com\/portal\/wp-json\/wp\/v2\/types\/post"}],"author":[{"embeddable":true,"href":"https:\/\/www.pcnen.com\/portal\/wp-json\/wp\/v2\/users\/1"}],"replies":[{"embeddable":true,"href":"https:\/\/www.pcnen.com\/portal\/wp-json\/wp\/v2\/comments?post=33292"}],"version-history":[{"count":0,"href":"https:\/\/www.pcnen.com\/portal\/wp-json\/wp\/v2\/posts\/33292\/revisions"}],"wp:attachment":[{"href":"https:\/\/www.pcnen.com\/portal\/wp-json\/wp\/v2\/media?parent=33292"}],"wp:term":[{"taxonomy":"category","embeddable":true,"href":"https:\/\/www.pcnen.com\/portal\/wp-json\/wp\/v2\/categories?post=33292"},{"taxonomy":"post_tag","embeddable":true,"href":"https:\/\/www.pcnen.com\/portal\/wp-json\/wp\/v2\/tags?post=33292"}],"curies":[{"name":"wp","href":"https:\/\/api.w.org\/{rel}","templated":true}]}}