{"id":33289,"date":"2009-12-15T20:10:30","date_gmt":"2009-12-15T20:10:30","guid":{"rendered":"http:\/\/www.pcnen.com\/portal\/?p=33289"},"modified":"2009-12-15T20:10:30","modified_gmt":"2009-12-15T20:10:30","slug":"nema-prijevremenog-raspusta","status":"publish","type":"post","link":"https:\/\/www.pcnen.com\/portal\/2009\/12\/15\/nema-prijevremenog-raspusta\/","title":{"rendered":"Nema prijevremenog raspusta"},"content":{"rendered":"<p>Ministarstvo prosvjete i nauke saop&scaron;tilo je danas da nema najave da \u0107e raspust u osnovnim i srednjim &scaron;kolama u Crnoj Gori po\u010deti ranije, ali da su u slu\u010daju masovne epidemije mogu\u0107e i druga\u010dije odluke.<\/p>\n<p>Iz Ministarstva su naveli i da je odjeljenje &scaron;estog razreda podgori\u010dke osnovne &scaron;kole &quot;Marko Miljanov&quot;, po preporuci Instituta za javno zdravlje, prekinulo sa nastavom, a privremeno su zatvoreni i mojkova\u010dka osnovna &scaron;kola &quot;Aleksa \u0110ilas Be\u0107o&quot;, i pred&scaron;kolska ustanova &quot;Jevrosima Rabrenovi\u0107 Jevra&quot;.<\/p>\n<p>Tu odluku je donio Op&scaron;tinski koordinacioni &scaron;tab za planiranje i preduzimanje priprema za pandemijski talas gripa A (H1N1).<\/p>\n","protected":false},"excerpt":{"rendered":"<p>Ministarstvo prosvjete i nauke saop&scaron;tilo je danas da nema najave da \u0107e raspust u osnovnim i srednjim &scaron;kolama u Crnoj Gori po\u010deti ranije, ali da su u slu\u010daju masovne epidemije mogu\u0107e i druga\u010dije odluke. Iz Ministarstva su naveli i da je odjeljenje &scaron;estog razreda podgori\u010dke osnovne &scaron;kole &quot;Marko Miljanov&quot;, po preporuci Instituta za javno zdravlje, [&hellip;]<\/p>\n","protected":false},"author":1,"featured_media":0,"comment_status":"open","ping_status":"closed","sticky":false,"template":"","format":"standard","meta":{"_seopress_robots_primary_cat":"","_seopress_titles_title":"","_seopress_titles_desc":"","_seopress_robots_index":"","_et_pb_use_builder":"","_et_pb_old_content":"","_et_gb_content_width":"","inline_featured_image":false,"footnotes":""},"categories":[14],"tags":[],"class_list":["post-33289","post","type-post","status-publish","format-standard","hentry","category-vijesti"],"_links":{"self":[{"href":"https:\/\/www.pcnen.com\/portal\/wp-json\/wp\/v2\/posts\/33289","targetHints":{"allow":["GET"]}}],"collection":[{"href":"https:\/\/www.pcnen.com\/portal\/wp-json\/wp\/v2\/posts"}],"about":[{"href":"https:\/\/www.pcnen.com\/portal\/wp-json\/wp\/v2\/types\/post"}],"author":[{"embeddable":true,"href":"https:\/\/www.pcnen.com\/portal\/wp-json\/wp\/v2\/users\/1"}],"replies":[{"embeddable":true,"href":"https:\/\/www.pcnen.com\/portal\/wp-json\/wp\/v2\/comments?post=33289"}],"version-history":[{"count":0,"href":"https:\/\/www.pcnen.com\/portal\/wp-json\/wp\/v2\/posts\/33289\/revisions"}],"wp:attachment":[{"href":"https:\/\/www.pcnen.com\/portal\/wp-json\/wp\/v2\/media?parent=33289"}],"wp:term":[{"taxonomy":"category","embeddable":true,"href":"https:\/\/www.pcnen.com\/portal\/wp-json\/wp\/v2\/categories?post=33289"},{"taxonomy":"post_tag","embeddable":true,"href":"https:\/\/www.pcnen.com\/portal\/wp-json\/wp\/v2\/tags?post=33289"}],"curies":[{"name":"wp","href":"https:\/\/api.w.org\/{rel}","templated":true}]}}