{"id":33286,"date":"2009-12-15T18:10:43","date_gmt":"2009-12-15T18:10:43","guid":{"rendered":"http:\/\/www.pcnen.com\/portal\/?p=33286"},"modified":"2009-12-15T18:10:43","modified_gmt":"2009-12-15T18:10:43","slug":"njemacka-pozvana-da-obustavi-vracanje-roma-na-kosovo","status":"publish","type":"post","link":"https:\/\/www.pcnen.com\/portal\/2009\/12\/15\/njemacka-pozvana-da-obustavi-vracanje-roma-na-kosovo\/","title":{"rendered":"Njema\u010dka pozvana da obustavi vra\u0107anje Roma na Kosovo"},"content":{"rendered":"<p>Komesar Savjeta Evropa za ljudska prava Tomas Hamarberg je zatra\u017eio od njema\u010dke kancelarke Angele Merkel da se obustavi povratak izbjeglica koji su prona&scaron;li uto\u010di&scaron;te u Njema\u010dkoj na Kosovo, gdje jo&scaron; nijesu stvoreni uslovi za njihov prihvat, javlja <em>Doj\u010de vele.<\/em> <\/p>\n<p>Komesar je posebno zabrinut zbog vra\u0107anja Roma u kolektivni izbjegli\u010dki centar \u010cesmin Lug i Osterode na sjeveru Mitrovice, koji je zaga\u0111en olovom. <\/p>\n<p>Olovo je ve\u0107 prouzrokovalo te&scaron;ke bolesti u romskim familijama, posebno kod djece. <\/p>\n<p>Ovi logori se moraju zatvoriti i mora se provesti dekontaminacija ljudi, ka\u017ee se u pismu, upu\u0107enom njema\u010dkoj kancelarki. U pismu se navodi i da povratak nije \u010disti tehni\u010dko-upravni akt, te da on podrazumijeva i sigurnost i adekvatan smje&scaron;taj za izbjeglice.<\/p>\n","protected":false},"excerpt":{"rendered":"<p>Komesar Savjeta Evropa za ljudska prava Tomas Hamarberg je zatra\u017eio od njema\u010dke kancelarke Angele Merkel da se obustavi povratak izbjeglica koji su prona&scaron;li uto\u010di&scaron;te u Njema\u010dkoj na Kosovo, gdje jo&scaron; nijesu stvoreni uslovi za njihov prihvat, javlja Doj\u010de vele. Komesar je posebno zabrinut zbog vra\u0107anja Roma u kolektivni izbjegli\u010dki centar \u010cesmin Lug i Osterode na [&hellip;]<\/p>\n","protected":false},"author":1,"featured_media":0,"comment_status":"open","ping_status":"closed","sticky":false,"template":"","format":"standard","meta":{"_seopress_robots_primary_cat":"","_seopress_titles_title":"","_seopress_titles_desc":"","_seopress_robots_index":"","_et_pb_use_builder":"","_et_pb_old_content":"","_et_gb_content_width":"","inline_featured_image":false,"footnotes":""},"categories":[14],"tags":[],"class_list":["post-33286","post","type-post","status-publish","format-standard","hentry","category-vijesti"],"_links":{"self":[{"href":"https:\/\/www.pcnen.com\/portal\/wp-json\/wp\/v2\/posts\/33286","targetHints":{"allow":["GET"]}}],"collection":[{"href":"https:\/\/www.pcnen.com\/portal\/wp-json\/wp\/v2\/posts"}],"about":[{"href":"https:\/\/www.pcnen.com\/portal\/wp-json\/wp\/v2\/types\/post"}],"author":[{"embeddable":true,"href":"https:\/\/www.pcnen.com\/portal\/wp-json\/wp\/v2\/users\/1"}],"replies":[{"embeddable":true,"href":"https:\/\/www.pcnen.com\/portal\/wp-json\/wp\/v2\/comments?post=33286"}],"version-history":[{"count":0,"href":"https:\/\/www.pcnen.com\/portal\/wp-json\/wp\/v2\/posts\/33286\/revisions"}],"wp:attachment":[{"href":"https:\/\/www.pcnen.com\/portal\/wp-json\/wp\/v2\/media?parent=33286"}],"wp:term":[{"taxonomy":"category","embeddable":true,"href":"https:\/\/www.pcnen.com\/portal\/wp-json\/wp\/v2\/categories?post=33286"},{"taxonomy":"post_tag","embeddable":true,"href":"https:\/\/www.pcnen.com\/portal\/wp-json\/wp\/v2\/tags?post=33286"}],"curies":[{"name":"wp","href":"https:\/\/api.w.org\/{rel}","templated":true}]}}