{"id":33282,"date":"2009-12-15T12:09:02","date_gmt":"2009-12-15T12:09:02","guid":{"rendered":"http:\/\/www.pcnen.com\/portal\/?p=33282"},"modified":"2009-12-15T12:09:02","modified_gmt":"2009-12-15T12:09:02","slug":"poslanici-danas-o-budzetu","status":"publish","type":"post","link":"https:\/\/www.pcnen.com\/portal\/2009\/12\/15\/poslanici-danas-o-budzetu\/","title":{"rendered":"Poslanici danas o bud\u017eetu"},"content":{"rendered":"<p>Skup&scaron;tina Crne Gore po\u010de\u0107e danas raspravu o dr\u017eavnom bud\u017eetu za 2010. godinu, koji iznosi 1,4 milijarde eura i manji je za 100 miliona eura od pro&scaron;logodi&scaron;njeg. <\/p>\n<p>Ju\u010de je skup&scaron;tinski Odbor za ekonomiju, finansije i bud\u017eet podr\u017eao predlog zakona o bud\u017eetu i predlo\u017eio Parlamentu da ga usvoji. Predlog su podr\u017eali poslanici DPS, SDP i Bo&scaron;nja\u010dke stranke, protiv je bio poslanik Nove srpske demokratije a uzdr\u017eani poslanici SNP, podsje\u0107a <em>RTCG<\/em>. <\/p>\n<p>Dr\u017eava \u0107e za teku\u0107u potro&scaron;nju i investicije u 2010. godini izdvojiti oko 40 odsto BDP, pi&scaron;e u Predlogu bud\u017eeta o kojem bi Skup&scaron;tina trebalo da glasa do kraja decembra.<\/p>\n<p>Bud\u017eetski deficit je 135 miliona eura ili 4,2 odsto BDP, &scaron;to \u0107e dr\u017eava finansirati zadu\u017eivanjem kod me\u0111unarodnih finansijskih institucija.<\/p>\n<p>Dr\u017eava planira da se zadu\u017ei do 200 miliona eura za finansiranje deficita i duga.<\/p>\n<p>Ministar finansija Igor Luk&scaron;i\u0107 je najavio mogu\u0107nost pregovora sa MMF, sa kojim je Crna Gora do sada izbjegavala da sklopi aran\u017eman.<\/p>\n","protected":false},"excerpt":{"rendered":"<p>Skup&scaron;tina Crne Gore po\u010de\u0107e danas raspravu o dr\u017eavnom bud\u017eetu za 2010. godinu, koji iznosi 1,4 milijarde eura i manji je za 100 miliona eura od pro&scaron;logodi&scaron;njeg. Ju\u010de je skup&scaron;tinski Odbor za ekonomiju, finansije i bud\u017eet podr\u017eao predlog zakona o bud\u017eetu i predlo\u017eio Parlamentu da ga usvoji. Predlog su podr\u017eali poslanici DPS, SDP i Bo&scaron;nja\u010dke stranke, [&hellip;]<\/p>\n","protected":false},"author":1,"featured_media":0,"comment_status":"open","ping_status":"closed","sticky":false,"template":"","format":"standard","meta":{"_seopress_robots_primary_cat":"","_seopress_titles_title":"","_seopress_titles_desc":"","_seopress_robots_index":"","_et_pb_use_builder":"","_et_pb_old_content":"","_et_gb_content_width":"","inline_featured_image":false,"footnotes":""},"categories":[14],"tags":[],"class_list":["post-33282","post","type-post","status-publish","format-standard","hentry","category-vijesti"],"_links":{"self":[{"href":"https:\/\/www.pcnen.com\/portal\/wp-json\/wp\/v2\/posts\/33282","targetHints":{"allow":["GET"]}}],"collection":[{"href":"https:\/\/www.pcnen.com\/portal\/wp-json\/wp\/v2\/posts"}],"about":[{"href":"https:\/\/www.pcnen.com\/portal\/wp-json\/wp\/v2\/types\/post"}],"author":[{"embeddable":true,"href":"https:\/\/www.pcnen.com\/portal\/wp-json\/wp\/v2\/users\/1"}],"replies":[{"embeddable":true,"href":"https:\/\/www.pcnen.com\/portal\/wp-json\/wp\/v2\/comments?post=33282"}],"version-history":[{"count":0,"href":"https:\/\/www.pcnen.com\/portal\/wp-json\/wp\/v2\/posts\/33282\/revisions"}],"wp:attachment":[{"href":"https:\/\/www.pcnen.com\/portal\/wp-json\/wp\/v2\/media?parent=33282"}],"wp:term":[{"taxonomy":"category","embeddable":true,"href":"https:\/\/www.pcnen.com\/portal\/wp-json\/wp\/v2\/categories?post=33282"},{"taxonomy":"post_tag","embeddable":true,"href":"https:\/\/www.pcnen.com\/portal\/wp-json\/wp\/v2\/tags?post=33282"}],"curies":[{"name":"wp","href":"https:\/\/api.w.org\/{rel}","templated":true}]}}