{"id":33278,"date":"2009-12-15T11:19:40","date_gmt":"2009-12-15T11:19:40","guid":{"rendered":"http:\/\/www.pcnen.com\/portal\/?p=33278"},"modified":"2009-12-15T11:19:40","modified_gmt":"2009-12-15T11:19:40","slug":"kod-zenice-poginula-drzavljanka-crne-gore","status":"publish","type":"post","link":"https:\/\/www.pcnen.com\/portal\/2009\/12\/15\/kod-zenice-poginula-drzavljanka-crne-gore\/","title":{"rendered":"Kod Zenice poginula dr\u017eavljanka Crne Gore"},"content":{"rendered":"<p>M.Mugo&scaron;a ro\u0111ena 1960. godine, dr\u017eavljanka Crne Gore podlegla je od povreda zadobijenih u saobra\u0107ajnoj nezgodi koja se dogodila na magistralnom putu M-17 u mjestu Top\u010di\u0107 Polje, javili su bh mediji. <\/p>\n<p>U sudaru su u\u010destvovala vozila BMW (AP 452 WW), kojim je upravljao Z.O. iz \u010celinca i opel kadet (889-A-199), kojim je upravljao T.H. iz Maglaja, koji je tom prilikom zadobio te&scaron;ke tjelesne povrede. <\/p>\n<p>Preminula M. Mugo&scaron;a nalazila se na mjestu suvoza\u010da u vozilu opel kadet. <\/p>\n","protected":false},"excerpt":{"rendered":"<p>M.Mugo&scaron;a ro\u0111ena 1960. godine, dr\u017eavljanka Crne Gore podlegla je od povreda zadobijenih u saobra\u0107ajnoj nezgodi koja se dogodila na magistralnom putu M-17 u mjestu Top\u010di\u0107 Polje, javili su bh mediji. U sudaru su u\u010destvovala vozila BMW (AP 452 WW), kojim je upravljao Z.O. iz \u010celinca i opel kadet (889-A-199), kojim je upravljao T.H. iz Maglaja, [&hellip;]<\/p>\n","protected":false},"author":1,"featured_media":0,"comment_status":"open","ping_status":"closed","sticky":false,"template":"","format":"standard","meta":{"_seopress_robots_primary_cat":"","_seopress_titles_title":"","_seopress_titles_desc":"","_seopress_robots_index":"","_et_pb_use_builder":"","_et_pb_old_content":"","_et_gb_content_width":"","inline_featured_image":false,"footnotes":""},"categories":[14],"tags":[],"class_list":["post-33278","post","type-post","status-publish","format-standard","hentry","category-vijesti"],"_links":{"self":[{"href":"https:\/\/www.pcnen.com\/portal\/wp-json\/wp\/v2\/posts\/33278","targetHints":{"allow":["GET"]}}],"collection":[{"href":"https:\/\/www.pcnen.com\/portal\/wp-json\/wp\/v2\/posts"}],"about":[{"href":"https:\/\/www.pcnen.com\/portal\/wp-json\/wp\/v2\/types\/post"}],"author":[{"embeddable":true,"href":"https:\/\/www.pcnen.com\/portal\/wp-json\/wp\/v2\/users\/1"}],"replies":[{"embeddable":true,"href":"https:\/\/www.pcnen.com\/portal\/wp-json\/wp\/v2\/comments?post=33278"}],"version-history":[{"count":0,"href":"https:\/\/www.pcnen.com\/portal\/wp-json\/wp\/v2\/posts\/33278\/revisions"}],"wp:attachment":[{"href":"https:\/\/www.pcnen.com\/portal\/wp-json\/wp\/v2\/media?parent=33278"}],"wp:term":[{"taxonomy":"category","embeddable":true,"href":"https:\/\/www.pcnen.com\/portal\/wp-json\/wp\/v2\/categories?post=33278"},{"taxonomy":"post_tag","embeddable":true,"href":"https:\/\/www.pcnen.com\/portal\/wp-json\/wp\/v2\/tags?post=33278"}],"curies":[{"name":"wp","href":"https:\/\/api.w.org\/{rel}","templated":true}]}}