{"id":33277,"date":"2009-12-15T10:04:31","date_gmt":"2009-12-15T10:04:31","guid":{"rendered":"http:\/\/www.pcnen.com\/portal\/?p=33277"},"modified":"2009-12-15T10:04:31","modified_gmt":"2009-12-15T10:04:31","slug":"u-sarajevu-sastanak-clanica-americko-%d1%98adranske-povelje","status":"publish","type":"post","link":"https:\/\/www.pcnen.com\/portal\/2009\/12\/15\/u-sarajevu-sastanak-clanica-americko-%d1%98adranske-povelje\/","title":{"rendered":"U Sarajevu sastanak \u010dlanica ameri\u010dko-\u0458adranske povelje"},"content":{"rendered":"<p>BiH \u0107e, u okviru &scaron;estomjese\u010dnog predsjedavanja Ameri\u010dko-jadranskom poveljom, danas biti doma\u0107in sastanka ministara inostranih poslova dr\u017eava \u010dlanica Ameri\u010dko-jadranske povelje, saop&scaron;teno je iz MIP-a. <\/p>\n<p>Sastanku \u0107e, osim SAD, BiH, Crne Gore, Hrvatske, Makedonije i Albanije, prisustvovati i predstavnik Srbije, koja ima status dr\u017eave posmatra\u010da.<\/p>\n<p>Na sastanku \u0107e se razgovarati o regionalnoj saradnji u okviru Ameri\u010dko-jadranske povelje, NATO MAP procesu, kontribuciji i ISAF misiji u Avganistanu, daljim aktivnostima Ameri\u010dko-jonske povelje, a bi\u0107e usvojena i zajedni\u010dka izjava.<\/p>\n<p>&Scaron;estomjese\u010dno predsjedavanje BiH je preuzela 1. jula.<\/p>\n<p>Crna Gora i Bosna i Hercegovina 4. decembra pro&scaron;le godine priklju\u010dile su se Jadranskoj povelji, grupi zemalja koje te\u017ee prijemu u NATO, a koja je osnovana 2003. godine u sklopu ameri\u010dke inicijative.<\/p>\n","protected":false},"excerpt":{"rendered":"<p>BiH \u0107e, u okviru &scaron;estomjese\u010dnog predsjedavanja Ameri\u010dko-jadranskom poveljom, danas biti doma\u0107in sastanka ministara inostranih poslova dr\u017eava \u010dlanica Ameri\u010dko-jadranske povelje, saop&scaron;teno je iz MIP-a. Sastanku \u0107e, osim SAD, BiH, Crne Gore, Hrvatske, Makedonije i Albanije, prisustvovati i predstavnik Srbije, koja ima status dr\u017eave posmatra\u010da. Na sastanku \u0107e se razgovarati o regionalnoj saradnji u okviru Ameri\u010dko-jadranske povelje, [&hellip;]<\/p>\n","protected":false},"author":1,"featured_media":0,"comment_status":"open","ping_status":"closed","sticky":false,"template":"","format":"standard","meta":{"_seopress_robots_primary_cat":"","_seopress_titles_title":"","_seopress_titles_desc":"","_seopress_robots_index":"","_et_pb_use_builder":"","_et_pb_old_content":"","_et_gb_content_width":"","inline_featured_image":false,"footnotes":""},"categories":[14],"tags":[],"class_list":["post-33277","post","type-post","status-publish","format-standard","hentry","category-vijesti"],"_links":{"self":[{"href":"https:\/\/www.pcnen.com\/portal\/wp-json\/wp\/v2\/posts\/33277","targetHints":{"allow":["GET"]}}],"collection":[{"href":"https:\/\/www.pcnen.com\/portal\/wp-json\/wp\/v2\/posts"}],"about":[{"href":"https:\/\/www.pcnen.com\/portal\/wp-json\/wp\/v2\/types\/post"}],"author":[{"embeddable":true,"href":"https:\/\/www.pcnen.com\/portal\/wp-json\/wp\/v2\/users\/1"}],"replies":[{"embeddable":true,"href":"https:\/\/www.pcnen.com\/portal\/wp-json\/wp\/v2\/comments?post=33277"}],"version-history":[{"count":0,"href":"https:\/\/www.pcnen.com\/portal\/wp-json\/wp\/v2\/posts\/33277\/revisions"}],"wp:attachment":[{"href":"https:\/\/www.pcnen.com\/portal\/wp-json\/wp\/v2\/media?parent=33277"}],"wp:term":[{"taxonomy":"category","embeddable":true,"href":"https:\/\/www.pcnen.com\/portal\/wp-json\/wp\/v2\/categories?post=33277"},{"taxonomy":"post_tag","embeddable":true,"href":"https:\/\/www.pcnen.com\/portal\/wp-json\/wp\/v2\/tags?post=33277"}],"curies":[{"name":"wp","href":"https:\/\/api.w.org\/{rel}","templated":true}]}}