{"id":33273,"date":"2009-12-14T21:02:51","date_gmt":"2009-12-14T21:02:51","guid":{"rendered":"http:\/\/www.pcnen.com\/portal\/?p=33273"},"modified":"2009-12-14T21:02:51","modified_gmt":"2009-12-14T21:02:51","slug":"dukanovic-cg-status-kandidata-u-eu-do-kraja-2010","status":"publish","type":"post","link":"https:\/\/www.pcnen.com\/portal\/2009\/12\/14\/dukanovic-cg-status-kandidata-u-eu-do-kraja-2010\/","title":{"rendered":"\u0110ukanovi\u0107: CG status kandidata u EU do kraja 2010."},"content":{"rendered":"<p>Crnogorski premijer Milo \u0110ukanovi\u0107, rekao je danas da o\u010dekuje da Crna Gora dobije status kandidata za ulazak u EU do kraja 2010. godine i dodao da Srbija na putu Balkana ka Uniji treba da &quot;izabere vode\u0107u ulogu&quot;. <\/p>\n<p>\u0110ukanovi\u0107, koji se nalazi u posjeti Rimu, rekao je i da rezervisanost nekih zemalja, naro\u010dito Njema\u010dke i Holandije, prema pristupu Crne Gore EU, &quot;predstavlja najprije rezervisanost povezanu s konceptom pro&scaron;irenja Unije u cjelini u periodu krize evropskih institucija i svjetske ekonomske krize&quot;.<\/p>\n<p>Crnogorski premijer je u intervjuu italijanskoj agenciji <em>ANSA<\/em> naglasio da &quot;Evropa ne treba da potcjenjuje potencijal balkanskih zemalja, zahvaljuju\u0107i kojima bi mogla da dobije na cijeni na me\u0111unarodnoj sceni&quot;, prenosi <em>RSE<\/em>.&nbsp;<\/p>\n<p>On je podsjetio da je perspektiva ulaska u Evropsku uniju, osnova za garanciju budu\u0107e stabilnosti u regionu Balkana, koji je tek nedavno iza&scaron;ao iz gra\u0111anskog rata.<\/p>\n<p>\u0110ukanovi\u0107 je ocenio i da su odnosi izme\u0111u Podgorice i Beograda povrememeno napeti i u sjenci odvajanja Crne Gore na referendumu 2006, &quot;s kojim se jo&scaron; nije pomirio veliki dio srpske populacije&quot;, kao i crnogorskog priznanja jednostrano progla&scaron;ene nezavisnosti Kosova pro&scaron;log oktobra.<\/p>\n<p>\u0110ukanovi\u0107 i dodao da je crnogorsko priznanje Kosova bilo &quot;neizbje\u017eno&quot;.<\/p>\n","protected":false},"excerpt":{"rendered":"<p>Crnogorski premijer Milo \u0110ukanovi\u0107, rekao je danas da o\u010dekuje da Crna Gora dobije status kandidata za ulazak u EU do kraja 2010. godine i dodao da Srbija na putu Balkana ka Uniji treba da &quot;izabere vode\u0107u ulogu&quot;. \u0110ukanovi\u0107, koji se nalazi u posjeti Rimu, rekao je i da rezervisanost nekih zemalja, naro\u010dito Njema\u010dke i Holandije, [&hellip;]<\/p>\n","protected":false},"author":1,"featured_media":0,"comment_status":"open","ping_status":"closed","sticky":false,"template":"","format":"standard","meta":{"_seopress_robots_primary_cat":"","_seopress_titles_title":"","_seopress_titles_desc":"","_seopress_robots_index":"","_et_pb_use_builder":"","_et_pb_old_content":"","_et_gb_content_width":"","inline_featured_image":false,"footnotes":""},"categories":[14],"tags":[],"class_list":["post-33273","post","type-post","status-publish","format-standard","hentry","category-vijesti"],"_links":{"self":[{"href":"https:\/\/www.pcnen.com\/portal\/wp-json\/wp\/v2\/posts\/33273","targetHints":{"allow":["GET"]}}],"collection":[{"href":"https:\/\/www.pcnen.com\/portal\/wp-json\/wp\/v2\/posts"}],"about":[{"href":"https:\/\/www.pcnen.com\/portal\/wp-json\/wp\/v2\/types\/post"}],"author":[{"embeddable":true,"href":"https:\/\/www.pcnen.com\/portal\/wp-json\/wp\/v2\/users\/1"}],"replies":[{"embeddable":true,"href":"https:\/\/www.pcnen.com\/portal\/wp-json\/wp\/v2\/comments?post=33273"}],"version-history":[{"count":0,"href":"https:\/\/www.pcnen.com\/portal\/wp-json\/wp\/v2\/posts\/33273\/revisions"}],"wp:attachment":[{"href":"https:\/\/www.pcnen.com\/portal\/wp-json\/wp\/v2\/media?parent=33273"}],"wp:term":[{"taxonomy":"category","embeddable":true,"href":"https:\/\/www.pcnen.com\/portal\/wp-json\/wp\/v2\/categories?post=33273"},{"taxonomy":"post_tag","embeddable":true,"href":"https:\/\/www.pcnen.com\/portal\/wp-json\/wp\/v2\/tags?post=33273"}],"curies":[{"name":"wp","href":"https:\/\/api.w.org\/{rel}","templated":true}]}}