{"id":33272,"date":"2009-12-14T20:22:09","date_gmt":"2009-12-14T20:22:09","guid":{"rendered":"http:\/\/www.pcnen.com\/portal\/?p=33272"},"modified":"2009-12-14T20:22:09","modified_gmt":"2009-12-14T20:22:09","slug":"gvozdenovic-od-sjutra-u-kopenhagenu","status":"publish","type":"post","link":"https:\/\/www.pcnen.com\/portal\/2009\/12\/14\/gvozdenovic-od-sjutra-u-kopenhagenu\/","title":{"rendered":"Gvozdenovi\u0107 od sjutra u Kopenhagenu"},"content":{"rendered":"<p>Ministar ure\u0111enja prostora i za&scaron;tite \u017eivotne sredine Branimir Gvozdenovi\u0107 sa saradnicima, boravi\u0107e od 15. do18. decembra u Kopenhagenu na Konferenciji UN o promjeni klime koja se odr\u017eava od 7. do 18. decembra 2009. <\/p>\n<p>U okviru u\u010de&scaron;\u0107a delegacije Vlade Crne Gore bi\u0107e apostrofirana urgentnost suo\u010davanja sa sve izrazitijim posljedicama klimatskih promjena u regionu Jugoisto\u010dne Evrope, kao i zna\u010daj obezbje\u0111ivanja finansijske podr&scaron;ke razvijenih zemalja i&nbsp; transfera tehnologija za implementaciju mjera ubla\u017eavanja i adaptacije na izmjenjene klimatske uslove. <\/p>\n<p>Tako\u0111e \u0107e biti ukazano na zna\u010daj&nbsp; ja\u010danja regionalne saradnje u oblasti klimatskih promjena, prije svega u kontekstu osnivanja i funkcionisanja Regionalnog foruma za klimatske promjene \u010diji doma\u0107in je Crna Gora, saop&scaron;teno je iz ministarstva. <\/p>\n<p>Sa aspekta Crne Gore, kao ne Aneks i zemlje,&nbsp; Konferencija je od zna\u010daja zbog razmatranja pitanja koja se ti\u010du utvr\u0111ivanja odgovaraju\u0107ih pravila za drugi obavezuju\u0107i period Kjoto protokola, procedura i na\u010dina finansijske podr&scaron;ke zemljama u razvoju za prilago\u0111avanje (adaptaciju) na izmjenjene klimatske uslove, a istovremeno i intenzivnije u\u010de&scaron;\u0107e u me\u0111unarodnim aktivnostima na za&scaron;titi globalnog klimatskog sistema.<\/p>\n","protected":false},"excerpt":{"rendered":"<p>Ministar ure\u0111enja prostora i za&scaron;tite \u017eivotne sredine Branimir Gvozdenovi\u0107 sa saradnicima, boravi\u0107e od 15. do18. decembra u Kopenhagenu na Konferenciji UN o promjeni klime koja se odr\u017eava od 7. do 18. decembra 2009. U okviru u\u010de&scaron;\u0107a delegacije Vlade Crne Gore bi\u0107e apostrofirana urgentnost suo\u010davanja sa sve izrazitijim posljedicama klimatskih promjena u regionu Jugoisto\u010dne Evrope, kao [&hellip;]<\/p>\n","protected":false},"author":1,"featured_media":0,"comment_status":"open","ping_status":"closed","sticky":false,"template":"","format":"standard","meta":{"_seopress_robots_primary_cat":"","_seopress_titles_title":"","_seopress_titles_desc":"","_seopress_robots_index":"","_et_pb_use_builder":"","_et_pb_old_content":"","_et_gb_content_width":"","inline_featured_image":false,"footnotes":""},"categories":[14],"tags":[],"class_list":["post-33272","post","type-post","status-publish","format-standard","hentry","category-vijesti"],"_links":{"self":[{"href":"https:\/\/www.pcnen.com\/portal\/wp-json\/wp\/v2\/posts\/33272","targetHints":{"allow":["GET"]}}],"collection":[{"href":"https:\/\/www.pcnen.com\/portal\/wp-json\/wp\/v2\/posts"}],"about":[{"href":"https:\/\/www.pcnen.com\/portal\/wp-json\/wp\/v2\/types\/post"}],"author":[{"embeddable":true,"href":"https:\/\/www.pcnen.com\/portal\/wp-json\/wp\/v2\/users\/1"}],"replies":[{"embeddable":true,"href":"https:\/\/www.pcnen.com\/portal\/wp-json\/wp\/v2\/comments?post=33272"}],"version-history":[{"count":0,"href":"https:\/\/www.pcnen.com\/portal\/wp-json\/wp\/v2\/posts\/33272\/revisions"}],"wp:attachment":[{"href":"https:\/\/www.pcnen.com\/portal\/wp-json\/wp\/v2\/media?parent=33272"}],"wp:term":[{"taxonomy":"category","embeddable":true,"href":"https:\/\/www.pcnen.com\/portal\/wp-json\/wp\/v2\/categories?post=33272"},{"taxonomy":"post_tag","embeddable":true,"href":"https:\/\/www.pcnen.com\/portal\/wp-json\/wp\/v2\/tags?post=33272"}],"curies":[{"name":"wp","href":"https:\/\/api.w.org\/{rel}","templated":true}]}}