{"id":33264,"date":"2009-12-14T17:10:26","date_gmt":"2009-12-14T17:10:26","guid":{"rendered":"http:\/\/www.pcnen.com\/portal\/?p=33264"},"modified":"2009-12-14T17:10:26","modified_gmt":"2009-12-14T17:10:26","slug":"odgodeno-sudenja-ratnom-predsjedniku-sao-hercegovina","status":"publish","type":"post","link":"https:\/\/www.pcnen.com\/portal\/2009\/12\/14\/odgodeno-sudenja-ratnom-predsjedniku-sao-hercegovina\/","title":{"rendered":"Odgo\u0111eno su\u0111enja ratnom predsjedniku SAO Hercegovina"},"content":{"rendered":"<p>Na \u017dupanijskom sudu u Dubrovniku je danas, zbog nedolaska optu\u017eenog, odgo\u0111en po\u010detak su\u0111enja biv&scaron;em trebinjskom gradona\u010delniku i ratnom predsjedniku samozvane Srpske autonomne oblasti isto\u010dne Hercegovine Bo\u017eidaru Vu\u010durovi\u0107u, javlja Doj\u010de vele. <\/p>\n<p>On je optu\u017een za ratni zlo\u010din protiv civilnog stanovni&scaron;tva na dubrova\u010dkom podru\u010dju i uni&scaron;tavanja kulturnih i istorijskih spomenika u razdoblju izme\u0111u 1991. i 1995. godine.<\/p>\n","protected":false},"excerpt":{"rendered":"<p>Na \u017dupanijskom sudu u Dubrovniku je danas, zbog nedolaska optu\u017eenog, odgo\u0111en po\u010detak su\u0111enja biv&scaron;em trebinjskom gradona\u010delniku i ratnom predsjedniku samozvane Srpske autonomne oblasti isto\u010dne Hercegovine Bo\u017eidaru Vu\u010durovi\u0107u, javlja Doj\u010de vele. On je optu\u017een za ratni zlo\u010din protiv civilnog stanovni&scaron;tva na dubrova\u010dkom podru\u010dju i uni&scaron;tavanja kulturnih i istorijskih spomenika u razdoblju izme\u0111u 1991. i 1995. godine.<\/p>\n","protected":false},"author":1,"featured_media":0,"comment_status":"open","ping_status":"closed","sticky":false,"template":"","format":"standard","meta":{"_seopress_robots_primary_cat":"","_seopress_titles_title":"","_seopress_titles_desc":"","_seopress_robots_index":"","_et_pb_use_builder":"","_et_pb_old_content":"","_et_gb_content_width":"","inline_featured_image":false,"footnotes":""},"categories":[14],"tags":[],"class_list":["post-33264","post","type-post","status-publish","format-standard","hentry","category-vijesti"],"_links":{"self":[{"href":"https:\/\/www.pcnen.com\/portal\/wp-json\/wp\/v2\/posts\/33264","targetHints":{"allow":["GET"]}}],"collection":[{"href":"https:\/\/www.pcnen.com\/portal\/wp-json\/wp\/v2\/posts"}],"about":[{"href":"https:\/\/www.pcnen.com\/portal\/wp-json\/wp\/v2\/types\/post"}],"author":[{"embeddable":true,"href":"https:\/\/www.pcnen.com\/portal\/wp-json\/wp\/v2\/users\/1"}],"replies":[{"embeddable":true,"href":"https:\/\/www.pcnen.com\/portal\/wp-json\/wp\/v2\/comments?post=33264"}],"version-history":[{"count":0,"href":"https:\/\/www.pcnen.com\/portal\/wp-json\/wp\/v2\/posts\/33264\/revisions"}],"wp:attachment":[{"href":"https:\/\/www.pcnen.com\/portal\/wp-json\/wp\/v2\/media?parent=33264"}],"wp:term":[{"taxonomy":"category","embeddable":true,"href":"https:\/\/www.pcnen.com\/portal\/wp-json\/wp\/v2\/categories?post=33264"},{"taxonomy":"post_tag","embeddable":true,"href":"https:\/\/www.pcnen.com\/portal\/wp-json\/wp\/v2\/tags?post=33264"}],"curies":[{"name":"wp","href":"https:\/\/api.w.org\/{rel}","templated":true}]}}