{"id":33261,"date":"2009-12-14T14:52:22","date_gmt":"2009-12-14T14:52:22","guid":{"rendered":"http:\/\/www.pcnen.com\/portal\/?p=33261"},"modified":"2009-12-14T14:52:22","modified_gmt":"2009-12-14T14:52:22","slug":"dukanovic-kod-pape-25-minuta","status":"publish","type":"post","link":"https:\/\/www.pcnen.com\/portal\/2009\/12\/14\/dukanovic-kod-pape-25-minuta\/","title":{"rendered":"\u0110ukanovi\u0107 kod pape 25 minuta"},"content":{"rendered":"<p>Susret iza zatvorenih vrata je trajao oko 25 minuta, u prisutvu prevodioca, \u0110ukanovi\u0107eve supruge i jo&scaron; sedam osoba, prenijela je italijanska novinska agencija <em>Ansa<\/em>.<\/p>\n<p>\u0110ukanovi\u0107 je papi poklonio sliku&nbsp;savremenog crnogorskog umetnika na kojoj je prikazano Hristovo raspe\u0107e, a rimokatoli\u010dki poglavar je njemu darivao olovku na kojoj su predstavljeni stubovi italijanskog arhitekte Berninija.<\/p>\n<p>Dana&scaron;anji susret u Vatikanu prvi je susret crnogorskog premijera sa papom.<\/p>\n<p>\u0110ukanovi\u0107 \u0107e se danas u Vatikanu sastati i sa sekretarom Vatikana Tarscisiom Bertoneom i sa sekretarom Svete Stolice za odnose sa dr\u017eavama Dominikom Mambertijem.<\/p>\n<p>Neizvjestan je najavljeni susret sa italijanskim premijerom Silviom Berluskonijem nakon sino\u0107nje povrede predsjednika Vlade Italije. Dvojica premijera su trebala da razgovaraju o nastavku politi\u010dke i ekonomske saradnje. <\/p>\n","protected":false},"excerpt":{"rendered":"<p>Vrhovni poglavar Rimokatoli\u010dke crkve papa Benedikt XVI je danas u Vatikanu primio crnogorskog premijera Mila \u0110ukanovi\u0107a, kome je, na po\u010detku susreta, odao &quot;priznanje za njegovo zalaganje za mir&quot;, javljaju agencije.<\/p>\n","protected":false},"author":1,"featured_media":0,"comment_status":"open","ping_status":"closed","sticky":false,"template":"","format":"standard","meta":{"_seopress_robots_primary_cat":"","_seopress_titles_title":"","_seopress_titles_desc":"","_seopress_robots_index":"","_et_pb_use_builder":"","_et_pb_old_content":"","_et_gb_content_width":"","inline_featured_image":false,"footnotes":""},"categories":[14],"tags":[],"class_list":["post-33261","post","type-post","status-publish","format-standard","hentry","category-vijesti"],"_links":{"self":[{"href":"https:\/\/www.pcnen.com\/portal\/wp-json\/wp\/v2\/posts\/33261","targetHints":{"allow":["GET"]}}],"collection":[{"href":"https:\/\/www.pcnen.com\/portal\/wp-json\/wp\/v2\/posts"}],"about":[{"href":"https:\/\/www.pcnen.com\/portal\/wp-json\/wp\/v2\/types\/post"}],"author":[{"embeddable":true,"href":"https:\/\/www.pcnen.com\/portal\/wp-json\/wp\/v2\/users\/1"}],"replies":[{"embeddable":true,"href":"https:\/\/www.pcnen.com\/portal\/wp-json\/wp\/v2\/comments?post=33261"}],"version-history":[{"count":0,"href":"https:\/\/www.pcnen.com\/portal\/wp-json\/wp\/v2\/posts\/33261\/revisions"}],"wp:attachment":[{"href":"https:\/\/www.pcnen.com\/portal\/wp-json\/wp\/v2\/media?parent=33261"}],"wp:term":[{"taxonomy":"category","embeddable":true,"href":"https:\/\/www.pcnen.com\/portal\/wp-json\/wp\/v2\/categories?post=33261"},{"taxonomy":"post_tag","embeddable":true,"href":"https:\/\/www.pcnen.com\/portal\/wp-json\/wp\/v2\/tags?post=33261"}],"curies":[{"name":"wp","href":"https:\/\/api.w.org\/{rel}","templated":true}]}}