{"id":33256,"date":"2009-12-14T13:15:07","date_gmt":"2009-12-14T13:15:07","guid":{"rendered":"http:\/\/www.pcnen.com\/portal\/?p=33256"},"modified":"2009-12-14T13:15:07","modified_gmt":"2009-12-14T13:15:07","slug":"uhapseni-barovicevi-tjelohranitelji-identifikovani-pomagaci","status":"publish","type":"post","link":"https:\/\/www.pcnen.com\/portal\/2009\/12\/14\/uhapseni-barovicevi-tjelohranitelji-identifikovani-pomagaci\/","title":{"rendered":"Uhap\u0161eni Barovi\u0107evi tjelohranitelji, identifikovani pomaga\u010di"},"content":{"rendered":"<p>Rade \u017divkovi\u0107 i Marinko Banovi\u0107 su uhap&scaron;eni u Podgorici, u blizini restorana <em>Ma&scaron;a, <\/em>javlja televizija <em>Vijesti. <\/em><\/p>\n<p>\u017divkovi\u0107 je uhap&scaron;en u restoranu <em>Mar&scaron;al, <\/em>a Banovi\u0107 u neposrednoj blizini toga objekta. <\/p>\n<p>Direktor Uprave policije Crne Gore Veselin Veljovi\u0107 je izjavio da su identifikovane dvije osobe koje su u\u010destovale u incidentu tako &scaron;to su obezbje\u0111ivali \u017divkovi\u0107a i Banovi\u0107a, dr\u017ee\u0107i, pri tom, na ni&scaron;anu sina pretu\u010denog Nenezi\u0107a. <\/p>\n<p>Veljovi\u0107 je, kako prenosi TV Vijesti, kazao da je policija u stalnoj komunikaciji sa nadle\u017enim tu\u017eiocem, tako da on nema &quot;nikakvu&nbsp;profesionalnu sumnju i rezervu kada je ovaj doga\u0111aj u pitanju, da \u0107e se preduzeti sve slu\u017ebene radnje i procesuirati sva lica&quot;.<\/p>\n<p>On je rekao da \u0107e se Uprava policije o incidentu oglasiti kada ona na\u0111e za shodno.<\/p>\n<p>Advokat Batri\u0107evi\u0107 je jutros otpu&scaron;ten iz bolnice, a kasnije&nbsp;i Barovi\u0107, kome je Batri\u0107evi\u0107 polomio nos, nakon &scaron;to su njegovi tjelohranitelji pobjegli iz restorana.<\/p>\n<p>Batri\u0107evi\u0107 i Nenezi\u0107 su policiji podnijeli krivi\u010dne prijave protiv Barovi\u0107evih tjelohranitelja.<\/p>\n","protected":false},"excerpt":{"rendered":"<p>Tjelohranitelji biznismena Veska Barovi\u0107a, koji su u podgori\u010dkom restoranu <em>Ma&scaron;a<\/em> u petak ve\u010de pretukli advokata Neboj&scaron;u Batri\u0107evi\u0107a i privrednika \u010caslava Nenezi\u0107a, uhap&scaron;eni su danas.<\/p>\n","protected":false},"author":1,"featured_media":0,"comment_status":"open","ping_status":"closed","sticky":false,"template":"","format":"standard","meta":{"_seopress_robots_primary_cat":"","_seopress_titles_title":"","_seopress_titles_desc":"","_seopress_robots_index":"","_et_pb_use_builder":"","_et_pb_old_content":"","_et_gb_content_width":"","inline_featured_image":false,"footnotes":""},"categories":[14],"tags":[],"class_list":["post-33256","post","type-post","status-publish","format-standard","hentry","category-vijesti"],"_links":{"self":[{"href":"https:\/\/www.pcnen.com\/portal\/wp-json\/wp\/v2\/posts\/33256","targetHints":{"allow":["GET"]}}],"collection":[{"href":"https:\/\/www.pcnen.com\/portal\/wp-json\/wp\/v2\/posts"}],"about":[{"href":"https:\/\/www.pcnen.com\/portal\/wp-json\/wp\/v2\/types\/post"}],"author":[{"embeddable":true,"href":"https:\/\/www.pcnen.com\/portal\/wp-json\/wp\/v2\/users\/1"}],"replies":[{"embeddable":true,"href":"https:\/\/www.pcnen.com\/portal\/wp-json\/wp\/v2\/comments?post=33256"}],"version-history":[{"count":0,"href":"https:\/\/www.pcnen.com\/portal\/wp-json\/wp\/v2\/posts\/33256\/revisions"}],"wp:attachment":[{"href":"https:\/\/www.pcnen.com\/portal\/wp-json\/wp\/v2\/media?parent=33256"}],"wp:term":[{"taxonomy":"category","embeddable":true,"href":"https:\/\/www.pcnen.com\/portal\/wp-json\/wp\/v2\/categories?post=33256"},{"taxonomy":"post_tag","embeddable":true,"href":"https:\/\/www.pcnen.com\/portal\/wp-json\/wp\/v2\/tags?post=33256"}],"curies":[{"name":"wp","href":"https:\/\/api.w.org\/{rel}","templated":true}]}}