{"id":33254,"date":"2009-12-14T09:33:24","date_gmt":"2009-12-14T09:33:24","guid":{"rendered":"http:\/\/www.pcnen.com\/portal\/?p=33254"},"modified":"2009-12-14T09:33:24","modified_gmt":"2009-12-14T09:33:24","slug":"unapredenje-interkulturalnog-dijaloga-u-regionu","status":"publish","type":"post","link":"https:\/\/www.pcnen.com\/portal\/2009\/12\/14\/unapredenje-interkulturalnog-dijaloga-u-regionu\/","title":{"rendered":"Unapre\u0111enje interkulturalnog dijaloga u regionu"},"content":{"rendered":"<p>Ministri inostranih poslova iz trinaest zemalja regiona, zajedno sa predstavnicima &Scaron;panije, Turske, &Scaron;vajcarske, &Scaron;vedske i Brazila koji \u0107e biti doma\u0107in sljede\u0107eg godi&scaron;njeg foruma, poku&scaron;a\u0107e da dogovore okvir za implementaciju niza konkretnih akcija u oblasti obrazovanja, medija i mladih sa ciljem njegovanja me\u0111ukulturalnog razumijevanja u regiji, javlja <em>Radio Sarajevo.<\/em><\/p>\n","protected":false},"excerpt":{"rendered":"<p>U Sarajevu \u0107e danas biti odr\u017eana Prva konferencija Alijanse civilizacija za jugoisto\u010dnu Evropu, koja \u0107e biti posve\u0107ena pripremi regionalne strategije za unapre\u0111enje interkulturalnog dijaloga me\u0111u zemljama regiona.<\/p>\n","protected":false},"author":1,"featured_media":0,"comment_status":"open","ping_status":"closed","sticky":false,"template":"","format":"standard","meta":{"_seopress_robots_primary_cat":"","_seopress_titles_title":"","_seopress_titles_desc":"","_seopress_robots_index":"","_et_pb_use_builder":"","_et_pb_old_content":"","_et_gb_content_width":"","inline_featured_image":false,"footnotes":""},"categories":[14],"tags":[],"class_list":["post-33254","post","type-post","status-publish","format-standard","hentry","category-vijesti"],"_links":{"self":[{"href":"https:\/\/www.pcnen.com\/portal\/wp-json\/wp\/v2\/posts\/33254","targetHints":{"allow":["GET"]}}],"collection":[{"href":"https:\/\/www.pcnen.com\/portal\/wp-json\/wp\/v2\/posts"}],"about":[{"href":"https:\/\/www.pcnen.com\/portal\/wp-json\/wp\/v2\/types\/post"}],"author":[{"embeddable":true,"href":"https:\/\/www.pcnen.com\/portal\/wp-json\/wp\/v2\/users\/1"}],"replies":[{"embeddable":true,"href":"https:\/\/www.pcnen.com\/portal\/wp-json\/wp\/v2\/comments?post=33254"}],"version-history":[{"count":0,"href":"https:\/\/www.pcnen.com\/portal\/wp-json\/wp\/v2\/posts\/33254\/revisions"}],"wp:attachment":[{"href":"https:\/\/www.pcnen.com\/portal\/wp-json\/wp\/v2\/media?parent=33254"}],"wp:term":[{"taxonomy":"category","embeddable":true,"href":"https:\/\/www.pcnen.com\/portal\/wp-json\/wp\/v2\/categories?post=33254"},{"taxonomy":"post_tag","embeddable":true,"href":"https:\/\/www.pcnen.com\/portal\/wp-json\/wp\/v2\/tags?post=33254"}],"curies":[{"name":"wp","href":"https:\/\/api.w.org\/{rel}","templated":true}]}}