{"id":33252,"date":"2009-12-14T08:59:54","date_gmt":"2009-12-14T08:59:54","guid":{"rendered":"http:\/\/www.pcnen.com\/portal\/?p=33252"},"modified":"2009-12-14T08:59:54","modified_gmt":"2009-12-14T08:59:54","slug":"sdp-najavljuje-krizni-porez","status":"publish","type":"post","link":"https:\/\/www.pcnen.com\/portal\/2009\/12\/14\/sdp-najavljuje-krizni-porez\/","title":{"rendered":"SDP najavljuje krizni porez"},"content":{"rendered":"<p>Socijaldemokratska partija Crne Gore, manja \u010dlanica vladaju\u0107e koalicije, je saop&scaron;tila da \u0107e predlo\u017eiti uvo\u0111enje novog poreza na bogate ukoliko u bud\u017eetu ne bude dovoljno novca za socijalna davanja.&nbsp; <\/p>\n<p>Vlada je, u sklopu borbe protiv ekonomske krize, odlu\u010dila da budu pove\u0107ani porezi i doprinosi na zarade, &scaron;to \u0107e najvi&scaron;e pogoditi one koji primaju najmanje zarade.<\/p>\n<p>Namjera socijaldemokrata je u stvari da oporezuju zaposlene koji imaju ve\u0107e plate, u slu\u010daju da u bud\u017eetu ne bude dovoljno novca za socijalna davanja. Poslanik SDP Damir &Scaron;ehovi\u0107 za <em><a href=\"http:\/\/www.dw-world.de\/dw\/article\/0,,5011483,00.html\">Doj\u010de vele<\/a> <\/em>obja&scaron;njava da bi oprezivanje &quot;bogatih&quot; bilo samo privremeno.<\/p>\n<p>&quot;To je takozvani krizni porez koji bi se uveo na najviso\u010dije zarade i koji bi iznosio nekoliko procenata. Ne&scaron;to sli\u010dno su uradili u Srbiji i Hrvatskoj, i upravo je njegova su&scaron;tina da je ograni\u010denog trajanja&quot;, kazao je &Scaron;ehovi\u0107.<\/p>\n","protected":false},"excerpt":{"rendered":"<p>Socijaldemokratska partija Crne Gore, manja \u010dlanica vladaju\u0107e koalicije, je saop&scaron;tila da \u0107e predlo\u017eiti uvo\u0111enje novog poreza na bogate ukoliko u bud\u017eetu ne bude dovoljno novca za socijalna davanja.&nbsp; Vlada je, u sklopu borbe protiv ekonomske krize, odlu\u010dila da budu pove\u0107ani porezi i doprinosi na zarade, &scaron;to \u0107e najvi&scaron;e pogoditi one koji primaju najmanje zarade. Namjera [&hellip;]<\/p>\n","protected":false},"author":1,"featured_media":0,"comment_status":"open","ping_status":"closed","sticky":false,"template":"","format":"standard","meta":{"_seopress_robots_primary_cat":"","_seopress_titles_title":"","_seopress_titles_desc":"","_seopress_robots_index":"","_et_pb_use_builder":"","_et_pb_old_content":"","_et_gb_content_width":"","inline_featured_image":false,"footnotes":""},"categories":[14],"tags":[],"class_list":["post-33252","post","type-post","status-publish","format-standard","hentry","category-vijesti"],"_links":{"self":[{"href":"https:\/\/www.pcnen.com\/portal\/wp-json\/wp\/v2\/posts\/33252","targetHints":{"allow":["GET"]}}],"collection":[{"href":"https:\/\/www.pcnen.com\/portal\/wp-json\/wp\/v2\/posts"}],"about":[{"href":"https:\/\/www.pcnen.com\/portal\/wp-json\/wp\/v2\/types\/post"}],"author":[{"embeddable":true,"href":"https:\/\/www.pcnen.com\/portal\/wp-json\/wp\/v2\/users\/1"}],"replies":[{"embeddable":true,"href":"https:\/\/www.pcnen.com\/portal\/wp-json\/wp\/v2\/comments?post=33252"}],"version-history":[{"count":0,"href":"https:\/\/www.pcnen.com\/portal\/wp-json\/wp\/v2\/posts\/33252\/revisions"}],"wp:attachment":[{"href":"https:\/\/www.pcnen.com\/portal\/wp-json\/wp\/v2\/media?parent=33252"}],"wp:term":[{"taxonomy":"category","embeddable":true,"href":"https:\/\/www.pcnen.com\/portal\/wp-json\/wp\/v2\/categories?post=33252"},{"taxonomy":"post_tag","embeddable":true,"href":"https:\/\/www.pcnen.com\/portal\/wp-json\/wp\/v2\/tags?post=33252"}],"curies":[{"name":"wp","href":"https:\/\/api.w.org\/{rel}","templated":true}]}}