{"id":33251,"date":"2009-12-13T19:39:37","date_gmt":"2009-12-13T19:39:37","guid":{"rendered":"http:\/\/www.pcnen.com\/portal\/?p=33251"},"modified":"2009-12-13T19:39:37","modified_gmt":"2009-12-13T19:39:37","slug":"brat-pretucenog-advokata-upozorio-premijera-dukanovica","status":"publish","type":"post","link":"https:\/\/www.pcnen.com\/portal\/2009\/12\/13\/brat-pretucenog-advokata-upozorio-premijera-dukanovica\/","title":{"rendered":"Brat pretu\u010denog advokata upozorio premijera \u0110ukanovi\u0107a"},"content":{"rendered":"<p>Goran Batri\u0107evi\u0107, brat advokata Neboj&scaron;e Batri\u0107evi\u0107a, koga su u petak ve\u010de pretukli tjhelohranitelji biznismena Veselina Barovi\u0107a, izjavio je za dnevnik <em>Vijesti <\/em>da \u0107e &quot;za sve budu\u0107e doga\u0111aje odgovornim smatram premijera Mila \u0110ukanovi\u0107a, koji je proizveo, izgradio i &scaron;titi Veselina Barovi\u0107a&quot;.<\/p>\n<p>Goran Batri\u0107evi\u0107 je predsjednik Demokratskog centra, a njegov brat Neboj&scaron;a je odbornik DC u Skup&scaron;tini op&scaron;tine Podgorica.<\/p>\n","protected":false},"excerpt":{"rendered":"<p>Goran Batri\u0107evi\u0107, brat advokata Neboj&scaron;e Batri\u0107evi\u0107a, koga su u petak ve\u010de pretukli tjhelohranitelji biznismena Veselina Barovi\u0107a, izjavio je za dnevnik Vijesti da \u0107e &quot;za sve budu\u0107e doga\u0111aje odgovornim smatram premijera Mila \u0110ukanovi\u0107a, koji je proizveo, izgradio i &scaron;titi Veselina Barovi\u0107a&quot;. Goran Batri\u0107evi\u0107 je predsjednik Demokratskog centra, a njegov brat Neboj&scaron;a je odbornik DC u Skup&scaron;tini [&hellip;]<\/p>\n","protected":false},"author":1,"featured_media":0,"comment_status":"open","ping_status":"closed","sticky":false,"template":"","format":"standard","meta":{"_seopress_robots_primary_cat":"","_seopress_titles_title":"","_seopress_titles_desc":"","_seopress_robots_index":"","_et_pb_use_builder":"","_et_pb_old_content":"","_et_gb_content_width":"","inline_featured_image":false,"footnotes":""},"categories":[14],"tags":[],"class_list":["post-33251","post","type-post","status-publish","format-standard","hentry","category-vijesti"],"_links":{"self":[{"href":"https:\/\/www.pcnen.com\/portal\/wp-json\/wp\/v2\/posts\/33251","targetHints":{"allow":["GET"]}}],"collection":[{"href":"https:\/\/www.pcnen.com\/portal\/wp-json\/wp\/v2\/posts"}],"about":[{"href":"https:\/\/www.pcnen.com\/portal\/wp-json\/wp\/v2\/types\/post"}],"author":[{"embeddable":true,"href":"https:\/\/www.pcnen.com\/portal\/wp-json\/wp\/v2\/users\/1"}],"replies":[{"embeddable":true,"href":"https:\/\/www.pcnen.com\/portal\/wp-json\/wp\/v2\/comments?post=33251"}],"version-history":[{"count":0,"href":"https:\/\/www.pcnen.com\/portal\/wp-json\/wp\/v2\/posts\/33251\/revisions"}],"wp:attachment":[{"href":"https:\/\/www.pcnen.com\/portal\/wp-json\/wp\/v2\/media?parent=33251"}],"wp:term":[{"taxonomy":"category","embeddable":true,"href":"https:\/\/www.pcnen.com\/portal\/wp-json\/wp\/v2\/categories?post=33251"},{"taxonomy":"post_tag","embeddable":true,"href":"https:\/\/www.pcnen.com\/portal\/wp-json\/wp\/v2\/tags?post=33251"}],"curies":[{"name":"wp","href":"https:\/\/api.w.org\/{rel}","templated":true}]}}