{"id":33243,"date":"2009-12-14T09:05:39","date_gmt":"2009-12-14T09:05:39","guid":{"rendered":"http:\/\/www.pcnen.com\/portal\/?p=33243"},"modified":"2009-12-14T09:05:39","modified_gmt":"2009-12-14T09:05:39","slug":"dukanovic-danas-u-vatikanu","status":"publish","type":"post","link":"https:\/\/www.pcnen.com\/portal\/2009\/12\/14\/dukanovic-danas-u-vatikanu\/","title":{"rendered":"\u0110ukanovi\u0107 danas u Vatikanu"},"content":{"rendered":"<p>Crnogorski premijer \u0107e se prvi put sresti sa poglavarom Svete stolice.<\/p>\n<p>\u0110ukanovi\u0107 i Berluskoni su do sada imali nekoliko zvani\u010dnih susreta, a poslednji je bio u Crnoj Gori, u martu ove godine, kada je premijer Italije boravio u zvani\u010dnoj posjeti Podgorici.<\/p>\n<p>Imaju\u0107i u vidu da je Berluskoni sino\u0107 fizi\u010dki napadnut i da mu je&nbsp;odre\u0111en 24-satni ljekarski nadzor, pitanje je da li \u0107e do\u0107i do planiranog susreta dvojice premijera. <\/p>\n","protected":false},"excerpt":{"rendered":"<p>Predsjednik Vlade Crne Gore Milo \u0110ukanovi\u0107 danas \u0107e sluzbeno boraviti u Italiji, gdje \u0107e ga prvo u audijenciju primiti papa Benedikt XVI, a zatim je planirano da se susretne&nbsp;sa italijanskim premijerom Silviom Berluskonijem.<\/p>\n","protected":false},"author":1,"featured_media":0,"comment_status":"open","ping_status":"closed","sticky":false,"template":"","format":"standard","meta":{"_seopress_robots_primary_cat":"","_seopress_titles_title":"","_seopress_titles_desc":"","_seopress_robots_index":"","_et_pb_use_builder":"","_et_pb_old_content":"","_et_gb_content_width":"","inline_featured_image":false,"footnotes":""},"categories":[14],"tags":[],"class_list":["post-33243","post","type-post","status-publish","format-standard","hentry","category-vijesti"],"_links":{"self":[{"href":"https:\/\/www.pcnen.com\/portal\/wp-json\/wp\/v2\/posts\/33243","targetHints":{"allow":["GET"]}}],"collection":[{"href":"https:\/\/www.pcnen.com\/portal\/wp-json\/wp\/v2\/posts"}],"about":[{"href":"https:\/\/www.pcnen.com\/portal\/wp-json\/wp\/v2\/types\/post"}],"author":[{"embeddable":true,"href":"https:\/\/www.pcnen.com\/portal\/wp-json\/wp\/v2\/users\/1"}],"replies":[{"embeddable":true,"href":"https:\/\/www.pcnen.com\/portal\/wp-json\/wp\/v2\/comments?post=33243"}],"version-history":[{"count":0,"href":"https:\/\/www.pcnen.com\/portal\/wp-json\/wp\/v2\/posts\/33243\/revisions"}],"wp:attachment":[{"href":"https:\/\/www.pcnen.com\/portal\/wp-json\/wp\/v2\/media?parent=33243"}],"wp:term":[{"taxonomy":"category","embeddable":true,"href":"https:\/\/www.pcnen.com\/portal\/wp-json\/wp\/v2\/categories?post=33243"},{"taxonomy":"post_tag","embeddable":true,"href":"https:\/\/www.pcnen.com\/portal\/wp-json\/wp\/v2\/tags?post=33243"}],"curies":[{"name":"wp","href":"https:\/\/api.w.org\/{rel}","templated":true}]}}