{"id":33228,"date":"2009-12-11T21:55:20","date_gmt":"2009-12-11T21:55:20","guid":{"rendered":"http:\/\/www.pcnen.com\/portal\/?p=33228"},"modified":"2009-12-11T21:55:20","modified_gmt":"2009-12-11T21:55:20","slug":"sefovi-drzava-i-vlada-podrzali-nastavak-prosirenja","status":"publish","type":"post","link":"https:\/\/www.pcnen.com\/portal\/2009\/12\/11\/sefovi-drzava-i-vlada-podrzali-nastavak-prosirenja\/","title":{"rendered":"\u0160efovi dr\u017eava i vlada podr\u017eali nastavak pro\u0161irenja"},"content":{"rendered":"<p>&Scaron;efovi dr\u017eava i vlada Evropske unije podr\u017eali su danas, u zaklju\u010dcima sa upravo zavr&scaron;enog samita u Briselu, odluke sa sastanka Savjeta ministara EU odr\u017eanog u utorak koje se izme\u0111u ostalog odnose i na &scaron;irenje Unije na zapadni Balkan. <\/p>\n<p>&quot;Savjet EU podr\u017eava zaklju\u010dke o pro&scaron;irenju i procesu stabilizacije i pridru\u017eivanja koje je donio Savjet ministara 8. decembra 2009. godine&quot;, navodi se kratko u zaklju\u010dcima sa samita lidera 27 \u010dlanica EU. <\/p>\n","protected":false},"excerpt":{"rendered":"<p>&Scaron;efovi dr\u017eava i vlada Evropske unije podr\u017eali su danas, u zaklju\u010dcima sa upravo zavr&scaron;enog samita u Briselu, odluke sa sastanka Savjeta ministara EU odr\u017eanog u utorak koje se izme\u0111u ostalog odnose i na &scaron;irenje Unije na zapadni Balkan. &quot;Savjet EU podr\u017eava zaklju\u010dke o pro&scaron;irenju i procesu stabilizacije i pridru\u017eivanja koje je donio Savjet ministara 8. [&hellip;]<\/p>\n","protected":false},"author":1,"featured_media":0,"comment_status":"open","ping_status":"closed","sticky":false,"template":"","format":"standard","meta":{"_seopress_robots_primary_cat":"","_seopress_titles_title":"","_seopress_titles_desc":"","_seopress_robots_index":"","_et_pb_use_builder":"","_et_pb_old_content":"","_et_gb_content_width":"","inline_featured_image":false,"footnotes":""},"categories":[14],"tags":[],"class_list":["post-33228","post","type-post","status-publish","format-standard","hentry","category-vijesti"],"_links":{"self":[{"href":"https:\/\/www.pcnen.com\/portal\/wp-json\/wp\/v2\/posts\/33228","targetHints":{"allow":["GET"]}}],"collection":[{"href":"https:\/\/www.pcnen.com\/portal\/wp-json\/wp\/v2\/posts"}],"about":[{"href":"https:\/\/www.pcnen.com\/portal\/wp-json\/wp\/v2\/types\/post"}],"author":[{"embeddable":true,"href":"https:\/\/www.pcnen.com\/portal\/wp-json\/wp\/v2\/users\/1"}],"replies":[{"embeddable":true,"href":"https:\/\/www.pcnen.com\/portal\/wp-json\/wp\/v2\/comments?post=33228"}],"version-history":[{"count":0,"href":"https:\/\/www.pcnen.com\/portal\/wp-json\/wp\/v2\/posts\/33228\/revisions"}],"wp:attachment":[{"href":"https:\/\/www.pcnen.com\/portal\/wp-json\/wp\/v2\/media?parent=33228"}],"wp:term":[{"taxonomy":"category","embeddable":true,"href":"https:\/\/www.pcnen.com\/portal\/wp-json\/wp\/v2\/categories?post=33228"},{"taxonomy":"post_tag","embeddable":true,"href":"https:\/\/www.pcnen.com\/portal\/wp-json\/wp\/v2\/tags?post=33228"}],"curies":[{"name":"wp","href":"https:\/\/api.w.org\/{rel}","templated":true}]}}