{"id":33227,"date":"2009-12-11T21:40:11","date_gmt":"2009-12-11T21:40:11","guid":{"rendered":"http:\/\/www.pcnen.com\/portal\/?p=33227"},"modified":"2009-12-11T21:40:11","modified_gmt":"2009-12-11T21:40:11","slug":"skupstinski-odbor-saslusao-direktora-anb","status":"publish","type":"post","link":"https:\/\/www.pcnen.com\/portal\/2009\/12\/11\/skupstinski-odbor-saslusao-direktora-anb\/","title":{"rendered":"Skup\u0161tinski odbor saslu\u0161ao direktora ANB"},"content":{"rendered":"<p>Direktor Agencije za nacionalnu bezbijednost Du&scaron;ko Markovi\u0107 ponovo je danas pred \u010dlanovima Odbora za nacionalnu bezbijednost i odbranu da &quot;nema nikakve mogu\u0107nosti da iza navodnih prijetnji smr\u0107u Slobodanu Pejovi\u0107u stoji ANB&quot;. <\/p>\n<p>Markovi\u0107 je kazao da je Pejovi\u0107u, svjedoku deportacije bosanskih izbjeglica iz Crne Gore 1992. godine &nbsp;ponu\u0111eno obezbje\u0111enje, ali da &quot;postoji informacija o tome da je on to obebje\u0111enje odbio&quot;,&nbsp;prenosi <a href=\"http:\/\/www.slobodnaevropa.org\/content\/pejovic_markovic_odbor_za_odbranu_i_bezbjednost\/1901876.html\"><em>RSE<\/em>.<\/a><\/p>\n","protected":false},"excerpt":{"rendered":"<p>Direktor Agencije za nacionalnu bezbijednost Du&scaron;ko Markovi\u0107 ponovo je danas pred \u010dlanovima Odbora za nacionalnu bezbijednost i odbranu da &quot;nema nikakve mogu\u0107nosti da iza navodnih prijetnji smr\u0107u Slobodanu Pejovi\u0107u stoji ANB&quot;. Markovi\u0107 je kazao da je Pejovi\u0107u, svjedoku deportacije bosanskih izbjeglica iz Crne Gore 1992. godine &nbsp;ponu\u0111eno obezbje\u0111enje, ali da &quot;postoji informacija o tome da [&hellip;]<\/p>\n","protected":false},"author":1,"featured_media":0,"comment_status":"open","ping_status":"closed","sticky":false,"template":"","format":"standard","meta":{"_seopress_robots_primary_cat":"","_seopress_titles_title":"","_seopress_titles_desc":"","_seopress_robots_index":"","_et_pb_use_builder":"","_et_pb_old_content":"","_et_gb_content_width":"","inline_featured_image":false,"footnotes":""},"categories":[14],"tags":[],"class_list":["post-33227","post","type-post","status-publish","format-standard","hentry","category-vijesti"],"_links":{"self":[{"href":"https:\/\/www.pcnen.com\/portal\/wp-json\/wp\/v2\/posts\/33227","targetHints":{"allow":["GET"]}}],"collection":[{"href":"https:\/\/www.pcnen.com\/portal\/wp-json\/wp\/v2\/posts"}],"about":[{"href":"https:\/\/www.pcnen.com\/portal\/wp-json\/wp\/v2\/types\/post"}],"author":[{"embeddable":true,"href":"https:\/\/www.pcnen.com\/portal\/wp-json\/wp\/v2\/users\/1"}],"replies":[{"embeddable":true,"href":"https:\/\/www.pcnen.com\/portal\/wp-json\/wp\/v2\/comments?post=33227"}],"version-history":[{"count":0,"href":"https:\/\/www.pcnen.com\/portal\/wp-json\/wp\/v2\/posts\/33227\/revisions"}],"wp:attachment":[{"href":"https:\/\/www.pcnen.com\/portal\/wp-json\/wp\/v2\/media?parent=33227"}],"wp:term":[{"taxonomy":"category","embeddable":true,"href":"https:\/\/www.pcnen.com\/portal\/wp-json\/wp\/v2\/categories?post=33227"},{"taxonomy":"post_tag","embeddable":true,"href":"https:\/\/www.pcnen.com\/portal\/wp-json\/wp\/v2\/tags?post=33227"}],"curies":[{"name":"wp","href":"https:\/\/api.w.org\/{rel}","templated":true}]}}