{"id":33226,"date":"2009-12-11T21:18:08","date_gmt":"2009-12-11T21:18:08","guid":{"rendered":"http:\/\/www.pcnen.com\/portal\/?p=33226"},"modified":"2009-12-11T21:18:08","modified_gmt":"2009-12-11T21:18:08","slug":"incko-situacija-u-bh-je-zabrinjavajuca","status":"publish","type":"post","link":"https:\/\/www.pcnen.com\/portal\/2009\/12\/11\/incko-situacija-u-bh-je-zabrinjavajuca\/","title":{"rendered":"Incko: Situacija u BH je zabrinjavaju\u0107a"},"content":{"rendered":"<p>Visoki predstavnik me\u0111unarodne zajednice u Bosni i Hercegovini Valentin Incko ocijenio je tokom razgovora u Berlinu sa njema\u010dkim ministrom spoljnih poslova Gvidom Vestervelom, da je politi\u010dka situacija u BiH zabrinjavaju\u0107a i zatra\u017eio podr&scaron;ku za nastavak rada me\u0111unarodne uprave u BiH, objavila je <em>FTV<\/em>. <\/p>\n<p>&quot;Situacija \u0107e vjerovatno postati gora tokom 2010. zbog predstoje\u0107ih op&scaron;tih izbora. Iz tog razloga, BiH \u0107e ostati zahtjevan izazov. Zbog toga EU i me\u0111unarodna zajednica moraju biti osposobljene kako bi rije&scaron;ile ove izazove&quot;, rekao je Incko. <\/p>\n","protected":false},"excerpt":{"rendered":"<p>Visoki predstavnik me\u0111unarodne zajednice u Bosni i Hercegovini Valentin Incko ocijenio je tokom razgovora u Berlinu sa njema\u010dkim ministrom spoljnih poslova Gvidom Vestervelom, da je politi\u010dka situacija u BiH zabrinjavaju\u0107a i zatra\u017eio podr&scaron;ku za nastavak rada me\u0111unarodne uprave u BiH, objavila je FTV. &quot;Situacija \u0107e vjerovatno postati gora tokom 2010. zbog predstoje\u0107ih op&scaron;tih izbora. Iz [&hellip;]<\/p>\n","protected":false},"author":1,"featured_media":0,"comment_status":"open","ping_status":"closed","sticky":false,"template":"","format":"standard","meta":{"_seopress_robots_primary_cat":"","_seopress_titles_title":"","_seopress_titles_desc":"","_seopress_robots_index":"","_et_pb_use_builder":"","_et_pb_old_content":"","_et_gb_content_width":"","inline_featured_image":false,"footnotes":""},"categories":[14],"tags":[],"class_list":["post-33226","post","type-post","status-publish","format-standard","hentry","category-vijesti"],"_links":{"self":[{"href":"https:\/\/www.pcnen.com\/portal\/wp-json\/wp\/v2\/posts\/33226","targetHints":{"allow":["GET"]}}],"collection":[{"href":"https:\/\/www.pcnen.com\/portal\/wp-json\/wp\/v2\/posts"}],"about":[{"href":"https:\/\/www.pcnen.com\/portal\/wp-json\/wp\/v2\/types\/post"}],"author":[{"embeddable":true,"href":"https:\/\/www.pcnen.com\/portal\/wp-json\/wp\/v2\/users\/1"}],"replies":[{"embeddable":true,"href":"https:\/\/www.pcnen.com\/portal\/wp-json\/wp\/v2\/comments?post=33226"}],"version-history":[{"count":0,"href":"https:\/\/www.pcnen.com\/portal\/wp-json\/wp\/v2\/posts\/33226\/revisions"}],"wp:attachment":[{"href":"https:\/\/www.pcnen.com\/portal\/wp-json\/wp\/v2\/media?parent=33226"}],"wp:term":[{"taxonomy":"category","embeddable":true,"href":"https:\/\/www.pcnen.com\/portal\/wp-json\/wp\/v2\/categories?post=33226"},{"taxonomy":"post_tag","embeddable":true,"href":"https:\/\/www.pcnen.com\/portal\/wp-json\/wp\/v2\/tags?post=33226"}],"curies":[{"name":"wp","href":"https:\/\/api.w.org\/{rel}","templated":true}]}}