{"id":33225,"date":"2009-12-11T20:14:37","date_gmt":"2009-12-11T20:14:37","guid":{"rendered":"http:\/\/www.pcnen.com\/portal\/?p=33225"},"modified":"2009-12-11T20:14:37","modified_gmt":"2009-12-11T20:14:37","slug":"poslije-18-godina-krece-voz-sarajevo-beograd","status":"publish","type":"post","link":"https:\/\/www.pcnen.com\/portal\/2009\/12\/11\/poslije-18-godina-krece-voz-sarajevo-beograd\/","title":{"rendered":"Poslije 18 godina kre\u0107e voz Sarajevo-Beograd"},"content":{"rendered":"<p>Nakon 18 godina prekida putni\u010dkog \u017eeljezni\u010dkog saobra\u0107aja, od 13. decembra&nbsp; ponovo \u0107e biti uspostavljena direktna linija Sarajevo &#8211; Beograd &#8211; Sarajevo, saop&scaron;teno je danas iz Informativne&nbsp; slu\u017ebe \u017dFBiH. <\/p>\n<p>Prema redu vo\u017enje, voz iz Sarajeva \u0107e polaziti u 11.35 sati, a u Beograd stizati u 20.18.<\/p>\n<p>Iz Beograda kre\u0107e u 8.15 i sti\u017ee u Sarajevo u 17.35 sati. <\/p>\n","protected":false},"excerpt":{"rendered":"<p>Nakon 18 godina prekida putni\u010dkog \u017eeljezni\u010dkog saobra\u0107aja, od 13. decembra&nbsp; ponovo \u0107e biti uspostavljena direktna linija Sarajevo &#8211; Beograd &#8211; Sarajevo, saop&scaron;teno je danas iz Informativne&nbsp; slu\u017ebe \u017dFBiH. Prema redu vo\u017enje, voz iz Sarajeva \u0107e polaziti u 11.35 sati, a u Beograd stizati u 20.18. Iz Beograda kre\u0107e u 8.15 i sti\u017ee u Sarajevo u [&hellip;]<\/p>\n","protected":false},"author":1,"featured_media":0,"comment_status":"open","ping_status":"closed","sticky":false,"template":"","format":"standard","meta":{"_seopress_robots_primary_cat":"","_seopress_titles_title":"","_seopress_titles_desc":"","_seopress_robots_index":"","_et_pb_use_builder":"","_et_pb_old_content":"","_et_gb_content_width":"","inline_featured_image":false,"footnotes":""},"categories":[14],"tags":[],"class_list":["post-33225","post","type-post","status-publish","format-standard","hentry","category-vijesti"],"_links":{"self":[{"href":"https:\/\/www.pcnen.com\/portal\/wp-json\/wp\/v2\/posts\/33225","targetHints":{"allow":["GET"]}}],"collection":[{"href":"https:\/\/www.pcnen.com\/portal\/wp-json\/wp\/v2\/posts"}],"about":[{"href":"https:\/\/www.pcnen.com\/portal\/wp-json\/wp\/v2\/types\/post"}],"author":[{"embeddable":true,"href":"https:\/\/www.pcnen.com\/portal\/wp-json\/wp\/v2\/users\/1"}],"replies":[{"embeddable":true,"href":"https:\/\/www.pcnen.com\/portal\/wp-json\/wp\/v2\/comments?post=33225"}],"version-history":[{"count":0,"href":"https:\/\/www.pcnen.com\/portal\/wp-json\/wp\/v2\/posts\/33225\/revisions"}],"wp:attachment":[{"href":"https:\/\/www.pcnen.com\/portal\/wp-json\/wp\/v2\/media?parent=33225"}],"wp:term":[{"taxonomy":"category","embeddable":true,"href":"https:\/\/www.pcnen.com\/portal\/wp-json\/wp\/v2\/categories?post=33225"},{"taxonomy":"post_tag","embeddable":true,"href":"https:\/\/www.pcnen.com\/portal\/wp-json\/wp\/v2\/tags?post=33225"}],"curies":[{"name":"wp","href":"https:\/\/api.w.org\/{rel}","templated":true}]}}