{"id":33212,"date":"2009-12-11T11:31:46","date_gmt":"2009-12-11T11:31:46","guid":{"rendered":"http:\/\/www.pcnen.com\/portal\/?p=33212"},"modified":"2009-12-11T11:31:46","modified_gmt":"2009-12-11T11:31:46","slug":"hag-poslednji-dan-rasprave-o-kosovu","status":"publish","type":"post","link":"https:\/\/www.pcnen.com\/portal\/2009\/12\/11\/hag-poslednji-dan-rasprave-o-kosovu\/","title":{"rendered":"Hag: Poslednji dan rasprave o Kosovu"},"content":{"rendered":"<p>U Me\u0111unarodnom sudu pravde u Hagu danas \u0107e biti zavr&scaron;ena devetodnevna rasprava o pitanju legalnosti progla&scaron;enja nezavisnosti Kosova, koje je Generalna skup&scaron;tina Ujedinjenih nacija postavila tom sudu na inicijativu Srbije. <\/p>\n<p>Tokom osam prethodnih dana rasprave, koja je po\u010dela 1. decembra, petnaestorica sudija saslu&scaron;ala su argumente Srbije, vlasti u Pri&scaron;tini i 26 dr\u017eave, a danas \u0107e svoje argumente iznijeti Venecuela i Vijetnam<\/p>\n<p>Me\u0111unarodni sud pravde \u0107e, po&scaron;to saslu&scaron;a usmene argumente 28 dr\u017eava, donijeti savjetodavno mi&scaron;ljenje koje nije obavezuju\u0107e za dr\u017eave. Za dono&scaron;enje savjetodavnog mi&scaron;ljenja ne postoje rokovi, a u praksi odlu\u010divanje sudija, predvo\u0111enih predsjednikom suda Hisa&scaron;i Ovadom iz \u0408apana, traje mjesecima.<\/p>\n<p>&quot;Da li je jednostrano progla&scaron;enje nezavisnosti od strane privremenih institucija samouprave na Kosovu u skladu sa me\u0111unarodnim pravom&quot;, glasi pitanje koje je Me\u0111unarodnom sudu pravde u oktobru pro&scaron;le godine, usvojiv&scaron;i rezoluciju na zahtjev Srbije, postavila Generalna skup&scaron;tina UN.<\/p>\n","protected":false},"excerpt":{"rendered":"<p>U Me\u0111unarodnom sudu pravde u Hagu danas \u0107e biti zavr&scaron;ena devetodnevna rasprava o pitanju legalnosti progla&scaron;enja nezavisnosti Kosova, koje je Generalna skup&scaron;tina Ujedinjenih nacija postavila tom sudu na inicijativu Srbije. Tokom osam prethodnih dana rasprave, koja je po\u010dela 1. decembra, petnaestorica sudija saslu&scaron;ala su argumente Srbije, vlasti u Pri&scaron;tini i 26 dr\u017eave, a danas \u0107e [&hellip;]<\/p>\n","protected":false},"author":1,"featured_media":0,"comment_status":"open","ping_status":"closed","sticky":false,"template":"","format":"standard","meta":{"_seopress_robots_primary_cat":"","_seopress_titles_title":"","_seopress_titles_desc":"","_seopress_robots_index":"","_et_pb_use_builder":"","_et_pb_old_content":"","_et_gb_content_width":"","inline_featured_image":false,"footnotes":""},"categories":[14],"tags":[],"class_list":["post-33212","post","type-post","status-publish","format-standard","hentry","category-vijesti"],"_links":{"self":[{"href":"https:\/\/www.pcnen.com\/portal\/wp-json\/wp\/v2\/posts\/33212","targetHints":{"allow":["GET"]}}],"collection":[{"href":"https:\/\/www.pcnen.com\/portal\/wp-json\/wp\/v2\/posts"}],"about":[{"href":"https:\/\/www.pcnen.com\/portal\/wp-json\/wp\/v2\/types\/post"}],"author":[{"embeddable":true,"href":"https:\/\/www.pcnen.com\/portal\/wp-json\/wp\/v2\/users\/1"}],"replies":[{"embeddable":true,"href":"https:\/\/www.pcnen.com\/portal\/wp-json\/wp\/v2\/comments?post=33212"}],"version-history":[{"count":0,"href":"https:\/\/www.pcnen.com\/portal\/wp-json\/wp\/v2\/posts\/33212\/revisions"}],"wp:attachment":[{"href":"https:\/\/www.pcnen.com\/portal\/wp-json\/wp\/v2\/media?parent=33212"}],"wp:term":[{"taxonomy":"category","embeddable":true,"href":"https:\/\/www.pcnen.com\/portal\/wp-json\/wp\/v2\/categories?post=33212"},{"taxonomy":"post_tag","embeddable":true,"href":"https:\/\/www.pcnen.com\/portal\/wp-json\/wp\/v2\/tags?post=33212"}],"curies":[{"name":"wp","href":"https:\/\/api.w.org\/{rel}","templated":true}]}}