{"id":33207,"date":"2009-12-10T22:46:15","date_gmt":"2009-12-10T22:46:15","guid":{"rendered":"http:\/\/www.pcnen.com\/portal\/?p=33207"},"modified":"2009-12-10T22:46:15","modified_gmt":"2009-12-10T22:46:15","slug":"dukanovic-potvrdio-da-se-povlaci","status":"publish","type":"post","link":"https:\/\/www.pcnen.com\/portal\/2009\/12\/10\/dukanovic-potvrdio-da-se-povlaci\/","title":{"rendered":"\u0110ukanovi\u0107 potvrdio da se povla\u010di"},"content":{"rendered":"<p>&quot;Ra\u010dunam da \u0107emo u budu\u0107nosti, a to se ne odnosi na ograni\u010denje ovim mandatom Vlade, ve\u0107 unutar ovog roka, napraviti dogovor o mom povla\u010denju koji \u0107e biti postignut i implementiran u najboljem mogu\u0107em roku&quot;, rekao je &ETH;ukanovi\u0107 novinarima, prenosi Tanjug. <\/p>\n<p>&quot;Time \u0107e se obezbijediti da Vlada nastavi da radi redovno, ostvaruje svoje prioritete&quot;, rekao je crnogorski premijer i dodao da &quot;nema ni&scaron;ta &scaron;to je dogovoreno, a prikriveno&quot;. <\/p>\n<p>Mandat aktuelne vlade traje do 2013. godine. <\/p>\n<p>&ETH;ukanovi\u0107 (47) je dodao da \u017eeli da se posveti i nekim drugim \u017eivotnim planovima koji nisu vezani za politiku i izvr&scaron;nu vlast. <\/p>\n<p>Povla\u010denje &ETH;ukanovi\u0107a, aktuelizovano je njegovom izjavom britanskoj novinskoj agenciji Rojters da postoji mogu\u0107nost da ne ostane na \u010delu Vlade do kraja mandata. <\/p>\n<p>Podgori\u010dki mediji objavili su da je &ETH;ukanovi\u0107 upoznao najbli\u017ee saradnike sa namjerom da njegov kabinet bude tranzicioni do 2011. godine kada bi njegovu funkciju u Vladi preuzeo Igor Luk&scaron;i\u0107, sada&scaron;nji potpredsjednik vlade, zadu\u017een za finansijski sistem. <\/p>\n<p>Taj &ETH;ukanovi\u0107ev predlog, navodno, nije nai&scaron;ao na podr&scaron;ku potpredsjednika DPS Svetozara Marovi\u0107a, Filipa Vujanovi\u0107a i \u017deljka &Scaron;turanovi\u0107a koji ne smatraju da bi 33-godi&scaron;nji Luk&scaron;i\u0107 mogao da bude kvalitetno rje&scaron;enje za &ETH;ukanovi\u0107evog naslednika.<\/p>\n","protected":false},"excerpt":{"rendered":"<p>Crnogorski premijer i predsjednik Demokratske partije socijalista Milo &ETH;ukanovi\u0107 potvrdio je v\u010deras u Podgorici da \u0107e se povu\u0107i sa mjesta predsjednika vlade prije isteka \u010detvorogodi&scaron;njeg mandata.<\/p>\n","protected":false},"author":1,"featured_media":0,"comment_status":"open","ping_status":"closed","sticky":false,"template":"","format":"standard","meta":{"_seopress_robots_primary_cat":"","_seopress_titles_title":"","_seopress_titles_desc":"","_seopress_robots_index":"","_et_pb_use_builder":"","_et_pb_old_content":"","_et_gb_content_width":"","inline_featured_image":false,"footnotes":""},"categories":[14],"tags":[],"class_list":["post-33207","post","type-post","status-publish","format-standard","hentry","category-vijesti"],"_links":{"self":[{"href":"https:\/\/www.pcnen.com\/portal\/wp-json\/wp\/v2\/posts\/33207","targetHints":{"allow":["GET"]}}],"collection":[{"href":"https:\/\/www.pcnen.com\/portal\/wp-json\/wp\/v2\/posts"}],"about":[{"href":"https:\/\/www.pcnen.com\/portal\/wp-json\/wp\/v2\/types\/post"}],"author":[{"embeddable":true,"href":"https:\/\/www.pcnen.com\/portal\/wp-json\/wp\/v2\/users\/1"}],"replies":[{"embeddable":true,"href":"https:\/\/www.pcnen.com\/portal\/wp-json\/wp\/v2\/comments?post=33207"}],"version-history":[{"count":0,"href":"https:\/\/www.pcnen.com\/portal\/wp-json\/wp\/v2\/posts\/33207\/revisions"}],"wp:attachment":[{"href":"https:\/\/www.pcnen.com\/portal\/wp-json\/wp\/v2\/media?parent=33207"}],"wp:term":[{"taxonomy":"category","embeddable":true,"href":"https:\/\/www.pcnen.com\/portal\/wp-json\/wp\/v2\/categories?post=33207"},{"taxonomy":"post_tag","embeddable":true,"href":"https:\/\/www.pcnen.com\/portal\/wp-json\/wp\/v2\/tags?post=33207"}],"curies":[{"name":"wp","href":"https:\/\/api.w.org\/{rel}","templated":true}]}}