{"id":33204,"date":"2009-12-10T21:09:52","date_gmt":"2009-12-10T21:09:52","guid":{"rendered":"http:\/\/www.pcnen.com\/portal\/?p=33204"},"modified":"2009-12-10T21:09:52","modified_gmt":"2009-12-10T21:09:52","slug":"najava-dva-referenduma-u-rs","status":"publish","type":"post","link":"https:\/\/www.pcnen.com\/portal\/2009\/12\/10\/najava-dva-referenduma-u-rs\/","title":{"rendered":"Najava dva referenduma u RS"},"content":{"rendered":"<p>Predsjednik Narodne skup&scaron;tine Republike Srpske Igor Radoji\u010di\u0107 izjavio je danas da postoji mogu\u0107nost da nametanje odluke o produ\u017eetku mandata stranim sudijama i tu\u017eiocima u BiH dovede do raspisivanja referenduma o tom pitanju. <\/p>\n<p>Srpski \u010dlan Predsjedni&scaron;tva BiH Neboj&scaron;a Radmanovi\u0107 izjavio je da \u0107e u RS najvjerovatnije biti odr\u017eana dva referenduma, a jedan od njih mo\u017ee se o\u010dekivati ako visoki predstavnik u narednih desetak dana nametne odluku o produ\u017eenju mandata stranim sudijama i tu\u017eiocima. <\/p>\n<p>On je kazao da bi se drugi referendum odnosio na priklju\u010denje BiH u NATO, prenosi &nbsp;<em>Beta<\/em>.<\/p>\n","protected":false},"excerpt":{"rendered":"<p>Predsjednik Narodne skup&scaron;tine Republike Srpske Igor Radoji\u010di\u0107 izjavio je danas da postoji mogu\u0107nost da nametanje odluke o produ\u017eetku mandata stranim sudijama i tu\u017eiocima u BiH dovede do raspisivanja referenduma o tom pitanju. Srpski \u010dlan Predsjedni&scaron;tva BiH Neboj&scaron;a Radmanovi\u0107 izjavio je da \u0107e u RS najvjerovatnije biti odr\u017eana dva referenduma, a jedan od njih mo\u017ee se [&hellip;]<\/p>\n","protected":false},"author":1,"featured_media":0,"comment_status":"open","ping_status":"closed","sticky":false,"template":"","format":"standard","meta":{"_seopress_robots_primary_cat":"","_seopress_titles_title":"","_seopress_titles_desc":"","_seopress_robots_index":"","_et_pb_use_builder":"","_et_pb_old_content":"","_et_gb_content_width":"","inline_featured_image":false,"footnotes":""},"categories":[14],"tags":[],"class_list":["post-33204","post","type-post","status-publish","format-standard","hentry","category-vijesti"],"_links":{"self":[{"href":"https:\/\/www.pcnen.com\/portal\/wp-json\/wp\/v2\/posts\/33204","targetHints":{"allow":["GET"]}}],"collection":[{"href":"https:\/\/www.pcnen.com\/portal\/wp-json\/wp\/v2\/posts"}],"about":[{"href":"https:\/\/www.pcnen.com\/portal\/wp-json\/wp\/v2\/types\/post"}],"author":[{"embeddable":true,"href":"https:\/\/www.pcnen.com\/portal\/wp-json\/wp\/v2\/users\/1"}],"replies":[{"embeddable":true,"href":"https:\/\/www.pcnen.com\/portal\/wp-json\/wp\/v2\/comments?post=33204"}],"version-history":[{"count":0,"href":"https:\/\/www.pcnen.com\/portal\/wp-json\/wp\/v2\/posts\/33204\/revisions"}],"wp:attachment":[{"href":"https:\/\/www.pcnen.com\/portal\/wp-json\/wp\/v2\/media?parent=33204"}],"wp:term":[{"taxonomy":"category","embeddable":true,"href":"https:\/\/www.pcnen.com\/portal\/wp-json\/wp\/v2\/categories?post=33204"},{"taxonomy":"post_tag","embeddable":true,"href":"https:\/\/www.pcnen.com\/portal\/wp-json\/wp\/v2\/tags?post=33204"}],"curies":[{"name":"wp","href":"https:\/\/api.w.org\/{rel}","templated":true}]}}