{"id":33198,"date":"2009-12-10T18:25:02","date_gmt":"2009-12-10T18:25:02","guid":{"rendered":"http:\/\/www.pcnen.com\/portal\/?p=33198"},"modified":"2009-12-10T18:25:02","modified_gmt":"2009-12-10T18:25:02","slug":"protokol-iz-kjota-vazi-do-2020-godine","status":"publish","type":"post","link":"https:\/\/www.pcnen.com\/portal\/2009\/12\/10\/protokol-iz-kjota-vazi-do-2020-godine\/","title":{"rendered":"Protokol iz Kjota va\u017ei do 2020. godine"},"content":{"rendered":"<p>Dopunjena verzija Protokola iz Kjota \u0107e vjerovatno biti dio svjetske borbe protiv globalnog zagrijavanja sve do 2020. godine, navodi se u Nacrtu teksta kojeg je sastavila Danska, doma\u0107in Samita Ujedinjenih nacija o klimatskim promjenama, koji se odr\u017eava u Kopenhagenu s ciljem postizanja dogovora o novom klimatskom sporazumu.<\/p>\n<p>U tekstu, koji bi trebalo da bude temelj za sklapanje dogovora na samitu u Kopenhagenu, navodi se da &quot;potpisnice Protokola iz Kjota smatraju da bi dalje obaveze razvijenih zemalja trebalo da imaju formu konkretnih ciljeva za ograni\u010davanje i smanjenje emisije &scaron;tetnih gasova&quot;, prenio je <em>Rojters<\/em>.<\/p>\n<p>Sporazum iz Kjota, sklopljen 1997. godine, obavezuje sve industrijski razvijene zemlje, osim SAD koje ga nisu potpisale, na smanjenje emisije gasova sa efektom staklene ba&scaron;te do 2012. godine, podsje\u0107a <em>RTS<\/em>.<\/p>\n<p>Na samitu u Kopenhagenu, koji traje od 7. do 18. decembra, predstavnici 192 dr\u017eave rade na tome da dogovore &scaron;iri sporazum koji bi obuhvatio sve zemlje u borbi protiv globalnog zagrevanja.<\/p>\n<p>Mnoge bogate zemlje se zala\u017eu za jedinstveni sporazum pod okriljem UN, ali siroma&scaron;ne dr\u017eave smatraju da je bolje da postoje dva dokumenta: Kjoto sa obavezom zna\u010dajnog smanjenja emisije za razvijene zemlje i novi, manje obavezuju\u0107i sporazum, koji bi va\u017eio za zemlje u razvoju.<\/p>\n<p>Danski nacrt dokumenta predvi\u0111a mogu\u0107nost da Protokol iz Kjota pre\u017eivi samit u Kopenhagenu i nastavi da postoji uporedo sa novim sporazumom koji bi sadr\u017eavao obaveze dr\u017eava u razvoju i SAD.<\/p>\n","protected":false},"excerpt":{"rendered":"<p>Dopunjena verzija Protokola iz Kjota \u0107e vjerovatno biti dio svjetske borbe protiv globalnog zagrijavanja sve do 2020. godine, navodi se u Nacrtu teksta kojeg je sastavila Danska, doma\u0107in Samita Ujedinjenih nacija o klimatskim promjenama, koji se odr\u017eava u Kopenhagenu s ciljem postizanja dogovora o novom klimatskom sporazumu. U tekstu, koji bi trebalo da bude temelj [&hellip;]<\/p>\n","protected":false},"author":1,"featured_media":0,"comment_status":"open","ping_status":"closed","sticky":false,"template":"","format":"standard","meta":{"_seopress_robots_primary_cat":"","_seopress_titles_title":"","_seopress_titles_desc":"","_seopress_robots_index":"","_et_pb_use_builder":"","_et_pb_old_content":"","_et_gb_content_width":"","inline_featured_image":false,"footnotes":""},"categories":[14],"tags":[],"class_list":["post-33198","post","type-post","status-publish","format-standard","hentry","category-vijesti"],"_links":{"self":[{"href":"https:\/\/www.pcnen.com\/portal\/wp-json\/wp\/v2\/posts\/33198","targetHints":{"allow":["GET"]}}],"collection":[{"href":"https:\/\/www.pcnen.com\/portal\/wp-json\/wp\/v2\/posts"}],"about":[{"href":"https:\/\/www.pcnen.com\/portal\/wp-json\/wp\/v2\/types\/post"}],"author":[{"embeddable":true,"href":"https:\/\/www.pcnen.com\/portal\/wp-json\/wp\/v2\/users\/1"}],"replies":[{"embeddable":true,"href":"https:\/\/www.pcnen.com\/portal\/wp-json\/wp\/v2\/comments?post=33198"}],"version-history":[{"count":0,"href":"https:\/\/www.pcnen.com\/portal\/wp-json\/wp\/v2\/posts\/33198\/revisions"}],"wp:attachment":[{"href":"https:\/\/www.pcnen.com\/portal\/wp-json\/wp\/v2\/media?parent=33198"}],"wp:term":[{"taxonomy":"category","embeddable":true,"href":"https:\/\/www.pcnen.com\/portal\/wp-json\/wp\/v2\/categories?post=33198"},{"taxonomy":"post_tag","embeddable":true,"href":"https:\/\/www.pcnen.com\/portal\/wp-json\/wp\/v2\/tags?post=33198"}],"curies":[{"name":"wp","href":"https:\/\/api.w.org\/{rel}","templated":true}]}}