{"id":33189,"date":"2009-12-10T11:40:30","date_gmt":"2009-12-10T11:40:30","guid":{"rendered":"http:\/\/www.pcnen.com\/portal\/?p=33189"},"modified":"2009-12-10T11:40:30","modified_gmt":"2009-12-10T11:40:30","slug":"samit-eu-ekonomska-situacija-se-stabilizovala","status":"publish","type":"post","link":"https:\/\/www.pcnen.com\/portal\/2009\/12\/10\/samit-eu-ekonomska-situacija-se-stabilizovala\/","title":{"rendered":"Samit EU: Ekonomska situacija se stabilizovala"},"content":{"rendered":"<p>Lideri Evropske unije \u0107e na samitu u Briselu poku&scaron;ati da uspostave ravnote\u017eu izme\u0111u poziva za uvo\u0111enje fiskalne discipline i svog obe\u0107anja da \u0107e nastaviti da pru\u017eaju podr&scaron;ku evropskim privredama sve dok ekonomski oporavak bude bio slab, kao &scaron;to je to i dalje slu\u010daj, pi&scaron;e <em>Fajnen&scaron;el tajms.<\/em> <\/p>\n<p>U tekstu zavr&scaron;nog kominikea, koji je FT dobio na uvid, evropski lideri \u0107e iznijeti ocjenu da se ekonomska situacija stabilizovala i da se vra\u0107a povjerenje poslije najve\u0107e krize jo&scaron; od tridesetih godina pro&scaron;log vijeka. <\/p>\n<p>Pored toga, postoji mogu\u0107nost da 27 \u010dlanica Unije na dvodnevnom sastanaku na vrhu ponude i oko dvije milijarde eura zemljama u razvoju kao pomo\u0107 u njihovoj borbi protiv klimatskih promjena. <\/p>\n<p>List nagla&scaron;ava i da \u0107e ovo biti posljednji samit kojem predsjedava premijer jedne od zemalja \u010danica &#8211; u ovom slu\u010daju &scaron;vedski premijer Rainfeld. <\/p>\n<p>Naredni samit, planiran za mart, vodi\u0107e novoizabrani predsjednik Evropske unije Herman van Rompej. <\/p>\n","protected":false},"excerpt":{"rendered":"<p>Lideri Evropske unije \u0107e na samitu u Briselu poku&scaron;ati da uspostave ravnote\u017eu izme\u0111u poziva za uvo\u0111enje fiskalne discipline i svog obe\u0107anja da \u0107e nastaviti da pru\u017eaju podr&scaron;ku evropskim privredama sve dok ekonomski oporavak bude bio slab, kao &scaron;to je to i dalje slu\u010daj, pi&scaron;e Fajnen&scaron;el tajms. U tekstu zavr&scaron;nog kominikea, koji je FT dobio na [&hellip;]<\/p>\n","protected":false},"author":1,"featured_media":0,"comment_status":"open","ping_status":"closed","sticky":false,"template":"","format":"standard","meta":{"_seopress_robots_primary_cat":"","_seopress_titles_title":"","_seopress_titles_desc":"","_seopress_robots_index":"","_et_pb_use_builder":"","_et_pb_old_content":"","_et_gb_content_width":"","inline_featured_image":false,"footnotes":""},"categories":[14],"tags":[],"class_list":["post-33189","post","type-post","status-publish","format-standard","hentry","category-vijesti"],"_links":{"self":[{"href":"https:\/\/www.pcnen.com\/portal\/wp-json\/wp\/v2\/posts\/33189","targetHints":{"allow":["GET"]}}],"collection":[{"href":"https:\/\/www.pcnen.com\/portal\/wp-json\/wp\/v2\/posts"}],"about":[{"href":"https:\/\/www.pcnen.com\/portal\/wp-json\/wp\/v2\/types\/post"}],"author":[{"embeddable":true,"href":"https:\/\/www.pcnen.com\/portal\/wp-json\/wp\/v2\/users\/1"}],"replies":[{"embeddable":true,"href":"https:\/\/www.pcnen.com\/portal\/wp-json\/wp\/v2\/comments?post=33189"}],"version-history":[{"count":0,"href":"https:\/\/www.pcnen.com\/portal\/wp-json\/wp\/v2\/posts\/33189\/revisions"}],"wp:attachment":[{"href":"https:\/\/www.pcnen.com\/portal\/wp-json\/wp\/v2\/media?parent=33189"}],"wp:term":[{"taxonomy":"category","embeddable":true,"href":"https:\/\/www.pcnen.com\/portal\/wp-json\/wp\/v2\/categories?post=33189"},{"taxonomy":"post_tag","embeddable":true,"href":"https:\/\/www.pcnen.com\/portal\/wp-json\/wp\/v2\/tags?post=33189"}],"curies":[{"name":"wp","href":"https:\/\/api.w.org\/{rel}","templated":true}]}}