{"id":33187,"date":"2009-12-10T10:58:54","date_gmt":"2009-12-10T10:58:54","guid":{"rendered":"http:\/\/www.pcnen.com\/portal\/?p=33187"},"modified":"2009-12-10T10:58:54","modified_gmt":"2009-12-10T10:58:54","slug":"dukanovic-pocinje-povlacenje-dogodine","status":"publish","type":"post","link":"https:\/\/www.pcnen.com\/portal\/2009\/12\/10\/dukanovic-pocinje-povlacenje-dogodine\/","title":{"rendered":"\u0110ukanovi\u0107 po\u010dinje povla\u010denje dogodine?"},"content":{"rendered":"<p>Crnogorski premijer i predsjednik Demokratske partije socijalista Milo \u0110ukanovi\u0107 u neformalnim razgovorima tvrdi da planira krajem naredne godine da po\u010dne povla\u010denje sa dr\u017eavne i partijske funkcije i da \u0107e o tome razgovorati sa najbli\u017eim partijskim saradnicima i u\u017eim vrhom Socijaldemokratske partije, prenose agencije pisanje podgori\u010dkog dnevnika <em>Vijesti<\/em>.<\/p>\n<p>\u0110ukanovi\u0107 je prije tri dana aktuelizovao pri\u010du o povla\u010denju u intervjuu agenciji Rojters, odgovaraju\u0107i na pitanje u vezi sa predajom odgovora na pitanja iz Upitnika Evropske komisije.<\/p>\n<p>On je rekao da se nada da \u0107e Crna Gora naredne godine dobiti status kandidata za EU i da, \u010dak i kada bi Podgorica okon\u010dala pregovore sa EU za tri godine, ne o\u010dekuje da ostane toliko dugo na funkciji.<\/p>\n<p>&quot;Ne mislim da je neohodno da ispunim sav premijerski mandat. Dao sam dovoljno politici, vi&scaron;e od dvadeset godina&quot;, rekao je \u0110ukanovi\u0107.<\/p>\n<p>Jedan od najbli\u017eih \u0110ukanovi\u0107evih saradnika je ocijenio je da \u0107e premijer, ako se bude povla\u010dio, to u\u010diniti prije Kongresa DPS koji je planiran 2011. godine.<\/p>\n<p>Na pitanje za&scaron;to bi to uradio kada, kako sada stvari stoje na politi\u010dkoj sceni, mo\u017ee pobrati lovorike ulaska Crne Gore u NATO, mo\u017eda i EU, neimenovani sagovornik <em>Vijesti<\/em> je rekao da je rije\u010d o &quot;istro&scaron;enosti i zasi\u0107enju&quot;.<\/p>\n","protected":false},"excerpt":{"rendered":"<p>Crnogorski premijer i predsjednik Demokratske partije socijalista Milo \u0110ukanovi\u0107 u neformalnim razgovorima tvrdi da planira krajem naredne godine da po\u010dne povla\u010denje sa dr\u017eavne i partijske funkcije i da \u0107e o tome razgovorati sa najbli\u017eim partijskim saradnicima i u\u017eim vrhom Socijaldemokratske partije, prenose agencije pisanje podgori\u010dkog dnevnika Vijesti. \u0110ukanovi\u0107 je prije tri dana aktuelizovao pri\u010du o [&hellip;]<\/p>\n","protected":false},"author":1,"featured_media":0,"comment_status":"open","ping_status":"closed","sticky":false,"template":"","format":"standard","meta":{"_seopress_robots_primary_cat":"","_seopress_titles_title":"","_seopress_titles_desc":"","_seopress_robots_index":"","_et_pb_use_builder":"","_et_pb_old_content":"","_et_gb_content_width":"","inline_featured_image":false,"footnotes":""},"categories":[14],"tags":[],"class_list":["post-33187","post","type-post","status-publish","format-standard","hentry","category-vijesti"],"_links":{"self":[{"href":"https:\/\/www.pcnen.com\/portal\/wp-json\/wp\/v2\/posts\/33187","targetHints":{"allow":["GET"]}}],"collection":[{"href":"https:\/\/www.pcnen.com\/portal\/wp-json\/wp\/v2\/posts"}],"about":[{"href":"https:\/\/www.pcnen.com\/portal\/wp-json\/wp\/v2\/types\/post"}],"author":[{"embeddable":true,"href":"https:\/\/www.pcnen.com\/portal\/wp-json\/wp\/v2\/users\/1"}],"replies":[{"embeddable":true,"href":"https:\/\/www.pcnen.com\/portal\/wp-json\/wp\/v2\/comments?post=33187"}],"version-history":[{"count":0,"href":"https:\/\/www.pcnen.com\/portal\/wp-json\/wp\/v2\/posts\/33187\/revisions"}],"wp:attachment":[{"href":"https:\/\/www.pcnen.com\/portal\/wp-json\/wp\/v2\/media?parent=33187"}],"wp:term":[{"taxonomy":"category","embeddable":true,"href":"https:\/\/www.pcnen.com\/portal\/wp-json\/wp\/v2\/categories?post=33187"},{"taxonomy":"post_tag","embeddable":true,"href":"https:\/\/www.pcnen.com\/portal\/wp-json\/wp\/v2\/tags?post=33187"}],"curies":[{"name":"wp","href":"https:\/\/api.w.org\/{rel}","templated":true}]}}