{"id":331753,"date":"2021-11-05T15:04:49","date_gmt":"2021-11-05T14:04:49","guid":{"rendered":"https:\/\/www.pcnen.com\/portal\/?p=331753"},"modified":"2021-11-05T15:04:49","modified_gmt":"2021-11-05T14:04:49","slug":"cekajuci-godoa","status":"publish","type":"post","link":"https:\/\/www.pcnen.com\/portal\/2021\/11\/05\/cekajuci-godoa\/","title":{"rendered":"\u010cekaju\u0107i Godoa"},"content":{"rendered":"<p>Godinu dana je pro\u0161lo od promjene biv\u0161e i konstituisanja nove vlasti. Nada je pretvorena u apatiju i bezna\u0111e, a biv\u0161a opozicija i sada\u0161nja vlast, na \u010delu sa do tada nepoznatim Krivokapi\u0107em na mjestu premijera, je svima dokazala \u2013 osim onim najpristasnijim partijcima i nacional-\u0161ovinistima &#8211; da je neozbiljna, nespososobna, posva\u0111ana, da se po nekim pitanjima pona\u0161a \u010dak gore nego prethodnici joj. Istina, za sada se jo\u0161 nije o\u010ditovala u kra\u0111i, ali jeste u partijskom zapo\u0161ljavanju, nepotizmu, amaterizmu i nestru\u010dnosti, \u010dak vi\u0161e i od pro\u0161le, \u0161to je mnogima \u2013 i meni &#8211; izgledalo nemogu\u0107e. Uz to, prosto je razbuktala nacionalizam i me\u0111uvjersku netrpeljivost \u2013 sve forsiraju\u0107i jednu vjeru i naciju, name\u0107u\u0107i vjerske vo\u0111e i crkvu kao vrhovne autoritete. Premijer bez podr\u0161ke ve\u0107ine koja ga je izabrala, pod pritiskom upravo crkve, \u010desto izgleda tu\u017eno smije\u0161an, kontradiktoran, izgubljen u vremenu i prostoru &#8211; vremenu najvi\u0161e. U stvari, on uglavnom djeluje kao vjerski izaslanik SPC na mjestu premijera, sa zadatkom da ispunjava njene \u017eelje i amanet pokojnog mitropolita Amfilohija \u2013 kako je sam, pri upravo zavr\u0161enoj posjeti Beogradu, nesmotreno priznao. Pod tim uticajem, sva politi\u010dka scena je skrenula u desno.<\/p>\n<p>Premijer i njegova vlada &#8211; koje od dobijanja mandata ne podr\u017eava najve\u0107i vladaju\u0107i savez, stalno ih obaraju\u0107i \u2013 bar na pri\u010di i konferencijama za \u0161tampu, \u00a0jednostavno ne mo\u017ee da funkcioni\u0161e ovako, pa sve da je sastavljena od eksperata, a nije. Postalo je degutantno i za sprdnju \u0161to o premijeru i vladi govore lideri DF-a, nosioci skoro dvije tre\u0107ine mandata u vladaju\u0107oj ve\u0107ini. Dodatno pogr\u0161anje odnosa izme\u0111u Demokrate i URA-e, te izme\u0111u potrpredsjednika vlade Abazovi\u0107a i predsjednika Krivokapi\u0107a, jo\u0161 vi\u0161e je uzdrmalo legitimitet i funkcionalnost vlade. Op\u0161ti je utisak da vlada funkcioni\u0161e kao pacijent na respiratoru koji \u010deka smrt. DF je stalno najavljuje, ali se pla\u0161i da isklju\u010di respirator zbog rekacije javnosti.<\/p>\n<p>Pri svemu tome, pojedini poslanici vladaju\u0107e ve\u0107ine se pona\u0161aju kao cirkusanti \u201eu cirkusu koji je sve ve\u0107i a sve manje smije\u0161an\u201c \u2013 kako neko dobro napisa na fejsbuku. Medojevi\u0107 nas svakodnevno obasipa saop\u0161tenjima i otkri\u0107ima novih doma\u0107ih i svjetskih zavjera koje se grani\u010de na nau\u010dnom fantastikom, \u010da\u0161\u0107avaju\u0107i vladu, premijera i ministre najgorim kvalifikacvijama i uvredama, tra\u017ee\u0107i pad vlade. Kne\u017eevi\u0107 nas uveseljava svojim \u0161aljivim dosjetkama i mudrostima, a Mandi\u0107 glumi ozbiljnost na na\u010din \u0161to jedan dan saop\u0161tava da prekida sve pregovore oko vlade i da je ona pala, da bi sjutradan demantovao samog sebe. I tako u krug.<\/p>\n<p>Branko Radulovi\u0107 je pri\u010da za sebe, uglavnom slu\u017ei za uveseljavanje puka, ali navodi i na razmi\u0161ljanje da mu je, kao i partijskom mu \u0161efu, potrebna stru\u010dna pomo\u0107.<\/p>\n<p>Pri takvom stanju stvari, politi\u010dka scena nam sve vi\u0161e li\u010di na Farmu ili Zadrugu. Samo su junaci na\u0161e Farme dio poslanika vladaju\u0107e ve\u0107ine, ponekad premijer, neki mu ministar ili namje\u0161tenik.<\/p>\n<p>Prethodna vlast je imala reda u op\u0161toj plja\u010dki i zarobljavanju institucija. Djelovala je ozbiljno i sihronizovano u svemu, pa i u tome. Aktulena izgleda kao raznorodna gomila posva\u0111anih amatera, sa nagla\u0161enim vjerskim i ideolo\u0161ko-nacionalnim fanatizmom, kod ve\u0107eg dijela folirantskog i politikantskog, manjeg dijela iskrenog, ali jednako opasnog.<\/p>\n<p>Svako odugovla\u010denje zakazivanja novih izbora je samo mrcvrenje svih u Crnoj Gori. Svi to vide i znaju, zato je predizbornoa kampanja u jeku i iz dana u dan se intenzivira. Vlada nema podr\u0161ku vladaju\u0107e ve\u0107ine i to stanje treba najzad formalizovati izglasavanjem nepovjerenja.<\/p>\n","protected":false},"excerpt":{"rendered":"<p>Pi\u0161e: Omer \u0160ARKI\u0106<\/p>\n","protected":false},"author":12,"featured_media":286086,"comment_status":"open","ping_status":"closed","sticky":false,"template":"","format":"standard","meta":{"_seopress_robots_primary_cat":"","_seopress_titles_title":"","_seopress_titles_desc":"","_seopress_robots_index":"","_et_pb_use_builder":"","_et_pb_old_content":"","_et_gb_content_width":"","inline_featured_image":false,"footnotes":""},"categories":[17],"tags":[],"class_list":["post-331753","post","type-post","status-publish","format-standard","has-post-thumbnail","hentry","category-blogovi"],"_links":{"self":[{"href":"https:\/\/www.pcnen.com\/portal\/wp-json\/wp\/v2\/posts\/331753","targetHints":{"allow":["GET"]}}],"collection":[{"href":"https:\/\/www.pcnen.com\/portal\/wp-json\/wp\/v2\/posts"}],"about":[{"href":"https:\/\/www.pcnen.com\/portal\/wp-json\/wp\/v2\/types\/post"}],"author":[{"embeddable":true,"href":"https:\/\/www.pcnen.com\/portal\/wp-json\/wp\/v2\/users\/12"}],"replies":[{"embeddable":true,"href":"https:\/\/www.pcnen.com\/portal\/wp-json\/wp\/v2\/comments?post=331753"}],"version-history":[{"count":3,"href":"https:\/\/www.pcnen.com\/portal\/wp-json\/wp\/v2\/posts\/331753\/revisions"}],"predecessor-version":[{"id":331757,"href":"https:\/\/www.pcnen.com\/portal\/wp-json\/wp\/v2\/posts\/331753\/revisions\/331757"}],"wp:featuredmedia":[{"embeddable":true,"href":"https:\/\/www.pcnen.com\/portal\/wp-json\/wp\/v2\/media\/286086"}],"wp:attachment":[{"href":"https:\/\/www.pcnen.com\/portal\/wp-json\/wp\/v2\/media?parent=331753"}],"wp:term":[{"taxonomy":"category","embeddable":true,"href":"https:\/\/www.pcnen.com\/portal\/wp-json\/wp\/v2\/categories?post=331753"},{"taxonomy":"post_tag","embeddable":true,"href":"https:\/\/www.pcnen.com\/portal\/wp-json\/wp\/v2\/tags?post=331753"}],"curies":[{"name":"wp","href":"https:\/\/api.w.org\/{rel}","templated":true}]}}