{"id":33169,"date":"2009-12-09T09:07:06","date_gmt":"2009-12-09T09:07:06","guid":{"rendered":"http:\/\/www.pcnen.com\/portal\/?p=33169"},"modified":"2009-12-09T09:07:06","modified_gmt":"2009-12-09T09:07:06","slug":"taci-bio-u-vrhu-obavjestajaca-ovk","status":"publish","type":"post","link":"https:\/\/www.pcnen.com\/portal\/2009\/12\/09\/taci-bio-u-vrhu-obavjestajaca-ovk\/","title":{"rendered":"Ta\u010di bio u vrhu obavje\u0161tajaca OVK"},"content":{"rendered":"<p>Ha&scaron;im Ta\u010di, aktuelni kosovski premijer, i Ali Ahmeti, politi\u010dki predvodnik Albanaca u Makedoniji 1999. godine, bili su u u\u017eem rukovodstvu ilegalne tajne slu\u017ebe &Scaron;IK, poznate pod nazivom Informativna slu\u017eba Kosova, saznaje <em>Blic<\/em> od izvora bliskog istrazi. <\/p>\n<p>U vrijeme NATO bombardovanja, prema podacima do kojih su do&scaron;li istra\u017eni organi u Srbiji, na \u010delu &Scaron;IK bio je Azem Sulja. Obavje&scaron;tajnu slu\u017ebu &Scaron;IK vodio je Kadri Veseli Fera, a kontraobavje&scaron;tajnu D\u017eavid Haljiti Zeka. U ovoj drugoj, jedan od vode\u0107ih rukovodilaca bio je i Ha&scaron;im Ta\u010di. <\/p>\n<p>&quot;Aktuelni premijer Kosova je za politiku pripreman u &Scaron;IK. On tada nije bio poznat i zato je kasnije iskori&scaron;\u0107en. Njegova stranka je formirana 14. oktobra 1999., dok je jo&scaron; radio u &Scaron;IK. Sli\u010dno je i sa Alijem Ahmetijem koji je predvodio podru\u017enicu &Scaron;IK za Makedoniju. On je zatim bio komandant oru\u017eanih formacija Albanaca u Makedoniji, a nakon toga je njegova stranka (Demokratske unije za integraciju) participirala u vlasti&quot;, iznio je izvor <a href=\"http:\/\/www.blic.rs\/hronika.php?id=124554\"><em>Blica<\/em>.<\/a><\/p>\n","protected":false},"excerpt":{"rendered":"<p>Ha&scaron;im Ta\u010di, aktuelni kosovski premijer, i Ali Ahmeti, politi\u010dki predvodnik Albanaca u Makedoniji 1999. godine, bili su u u\u017eem rukovodstvu ilegalne tajne slu\u017ebe &Scaron;IK, poznate pod nazivom Informativna slu\u017eba Kosova, saznaje Blic od izvora bliskog istrazi. U vrijeme NATO bombardovanja, prema podacima do kojih su do&scaron;li istra\u017eni organi u Srbiji, na \u010delu &Scaron;IK bio je [&hellip;]<\/p>\n","protected":false},"author":1,"featured_media":0,"comment_status":"open","ping_status":"closed","sticky":false,"template":"","format":"standard","meta":{"_seopress_robots_primary_cat":"","_seopress_titles_title":"","_seopress_titles_desc":"","_seopress_robots_index":"","_et_pb_use_builder":"","_et_pb_old_content":"","_et_gb_content_width":"","inline_featured_image":false,"footnotes":""},"categories":[14],"tags":[],"class_list":["post-33169","post","type-post","status-publish","format-standard","hentry","category-vijesti"],"_links":{"self":[{"href":"https:\/\/www.pcnen.com\/portal\/wp-json\/wp\/v2\/posts\/33169","targetHints":{"allow":["GET"]}}],"collection":[{"href":"https:\/\/www.pcnen.com\/portal\/wp-json\/wp\/v2\/posts"}],"about":[{"href":"https:\/\/www.pcnen.com\/portal\/wp-json\/wp\/v2\/types\/post"}],"author":[{"embeddable":true,"href":"https:\/\/www.pcnen.com\/portal\/wp-json\/wp\/v2\/users\/1"}],"replies":[{"embeddable":true,"href":"https:\/\/www.pcnen.com\/portal\/wp-json\/wp\/v2\/comments?post=33169"}],"version-history":[{"count":0,"href":"https:\/\/www.pcnen.com\/portal\/wp-json\/wp\/v2\/posts\/33169\/revisions"}],"wp:attachment":[{"href":"https:\/\/www.pcnen.com\/portal\/wp-json\/wp\/v2\/media?parent=33169"}],"wp:term":[{"taxonomy":"category","embeddable":true,"href":"https:\/\/www.pcnen.com\/portal\/wp-json\/wp\/v2\/categories?post=33169"},{"taxonomy":"post_tag","embeddable":true,"href":"https:\/\/www.pcnen.com\/portal\/wp-json\/wp\/v2\/tags?post=33169"}],"curies":[{"name":"wp","href":"https:\/\/api.w.org\/{rel}","templated":true}]}}