{"id":33164,"date":"2009-12-08T22:43:55","date_gmt":"2009-12-08T22:43:55","guid":{"rendered":"http:\/\/www.pcnen.com\/portal\/?p=33164"},"modified":"2009-12-08T22:43:55","modified_gmt":"2009-12-08T22:43:55","slug":"radio-202-prestaje-s-radom","status":"publish","type":"post","link":"https:\/\/www.pcnen.com\/portal\/2009\/12\/08\/radio-202-prestaje-s-radom\/","title":{"rendered":"Radio 202 prestaje s radom"},"content":{"rendered":"<p>Sarajevski omladinski radio 202, jedan od dobitnika &Scaron;estoaprilske nagrade Grada Sarajeva i najstariji gradski radio, presta\u0107e sa radom za Novu godinu, 1. januara 2010. u 14:30. Radio \u0107e biti uga&scaron;en ta\u010dno u vrijeme kada je i po\u010deo da emituje program, 1. jula 1971.<\/p>\n<p>&quot;Zaslu\u017eni za ovu sramotnu odluku su \u010dlanovi Parlamentarne skup&scaron;tine BiH koji su usvojili Zakon o javnom radio-televizijskom sistemu BiH, a prema kojem entitetski RTV emiteri mogu imati po jedan televizijski i jedan radijski kanal&quot;, saop&scaron;teno je iz tog radija, prenijela je <em>Beta<\/em>.<\/p>\n","protected":false},"excerpt":{"rendered":"<p>Sarajevski omladinski radio 202, jedan od dobitnika &Scaron;estoaprilske nagrade Grada Sarajeva i najstariji gradski radio, presta\u0107e sa radom za Novu godinu, 1. januara 2010. u 14:30. Radio \u0107e biti uga&scaron;en ta\u010dno u vrijeme kada je i po\u010deo da emituje program, 1. jula 1971. &quot;Zaslu\u017eni za ovu sramotnu odluku su \u010dlanovi Parlamentarne skup&scaron;tine BiH koji su [&hellip;]<\/p>\n","protected":false},"author":1,"featured_media":0,"comment_status":"open","ping_status":"closed","sticky":false,"template":"","format":"standard","meta":{"_seopress_robots_primary_cat":"","_seopress_titles_title":"","_seopress_titles_desc":"","_seopress_robots_index":"","_et_pb_use_builder":"","_et_pb_old_content":"","_et_gb_content_width":"","inline_featured_image":false,"footnotes":""},"categories":[14],"tags":[],"class_list":["post-33164","post","type-post","status-publish","format-standard","hentry","category-vijesti"],"_links":{"self":[{"href":"https:\/\/www.pcnen.com\/portal\/wp-json\/wp\/v2\/posts\/33164","targetHints":{"allow":["GET"]}}],"collection":[{"href":"https:\/\/www.pcnen.com\/portal\/wp-json\/wp\/v2\/posts"}],"about":[{"href":"https:\/\/www.pcnen.com\/portal\/wp-json\/wp\/v2\/types\/post"}],"author":[{"embeddable":true,"href":"https:\/\/www.pcnen.com\/portal\/wp-json\/wp\/v2\/users\/1"}],"replies":[{"embeddable":true,"href":"https:\/\/www.pcnen.com\/portal\/wp-json\/wp\/v2\/comments?post=33164"}],"version-history":[{"count":0,"href":"https:\/\/www.pcnen.com\/portal\/wp-json\/wp\/v2\/posts\/33164\/revisions"}],"wp:attachment":[{"href":"https:\/\/www.pcnen.com\/portal\/wp-json\/wp\/v2\/media?parent=33164"}],"wp:term":[{"taxonomy":"category","embeddable":true,"href":"https:\/\/www.pcnen.com\/portal\/wp-json\/wp\/v2\/categories?post=33164"},{"taxonomy":"post_tag","embeddable":true,"href":"https:\/\/www.pcnen.com\/portal\/wp-json\/wp\/v2\/tags?post=33164"}],"curies":[{"name":"wp","href":"https:\/\/api.w.org\/{rel}","templated":true}]}}