{"id":33159,"date":"2009-12-08T18:11:49","date_gmt":"2009-12-08T18:11:49","guid":{"rendered":"http:\/\/www.pcnen.com\/portal\/?p=33159"},"modified":"2009-12-08T18:11:49","modified_gmt":"2009-12-08T18:11:49","slug":"sdp-crne-gore-u-partiji-evropskih-socijalista","status":"publish","type":"post","link":"https:\/\/www.pcnen.com\/portal\/2009\/12\/08\/sdp-crne-gore-u-partiji-evropskih-socijalista\/","title":{"rendered":"SDP Crne Gore u partiji evropskih socijalista"},"content":{"rendered":"<p>Socijaldemokratska partija Crne Gore primljena je u \u010dlanstvo Partije Evropskih socijalista (PES), a njen lider izabran je za \u010dlana Predsjedni&scaron;tva, koga \u010dine predstavnici socijalisti\u010dkih partija zemalja Evropske unije.<\/p>\n<p>Iz SDP-a je saop&scaron;teno da se, \u010dlanstvom u PES, ta stranka &quot;jo&scaron; jednom legitimi&scaron;e kao partija sa zavidnim me\u0111unarodnim renomeom&quot;.<\/p>\n<p>&quot;Ovim \u010dinom crnogorske socijaldemokrate omogu\u0107avaju i Crnoj Gori da dobije svoj glas na zna\u010dajnom mjestu odlu\u010divanja o njenoj evropskoj budu\u0107nosti&quot;, ka\u017ee se u saop&scaron;tenju. <\/p>\n","protected":false},"excerpt":{"rendered":"<p>Socijaldemokratska partija Crne Gore primljena je u \u010dlanstvo Partije Evropskih socijalista (PES), a njen lider izabran je za \u010dlana Predsjedni&scaron;tva, koga \u010dine predstavnici socijalisti\u010dkih partija zemalja Evropske unije. Iz SDP-a je saop&scaron;teno da se, \u010dlanstvom u PES, ta stranka &quot;jo&scaron; jednom legitimi&scaron;e kao partija sa zavidnim me\u0111unarodnim renomeom&quot;. &quot;Ovim \u010dinom crnogorske socijaldemokrate omogu\u0107avaju i Crnoj [&hellip;]<\/p>\n","protected":false},"author":1,"featured_media":0,"comment_status":"open","ping_status":"closed","sticky":false,"template":"","format":"standard","meta":{"_seopress_robots_primary_cat":"","_seopress_titles_title":"","_seopress_titles_desc":"","_seopress_robots_index":"","_et_pb_use_builder":"","_et_pb_old_content":"","_et_gb_content_width":"","inline_featured_image":false,"footnotes":""},"categories":[14],"tags":[],"class_list":["post-33159","post","type-post","status-publish","format-standard","hentry","category-vijesti"],"_links":{"self":[{"href":"https:\/\/www.pcnen.com\/portal\/wp-json\/wp\/v2\/posts\/33159","targetHints":{"allow":["GET"]}}],"collection":[{"href":"https:\/\/www.pcnen.com\/portal\/wp-json\/wp\/v2\/posts"}],"about":[{"href":"https:\/\/www.pcnen.com\/portal\/wp-json\/wp\/v2\/types\/post"}],"author":[{"embeddable":true,"href":"https:\/\/www.pcnen.com\/portal\/wp-json\/wp\/v2\/users\/1"}],"replies":[{"embeddable":true,"href":"https:\/\/www.pcnen.com\/portal\/wp-json\/wp\/v2\/comments?post=33159"}],"version-history":[{"count":0,"href":"https:\/\/www.pcnen.com\/portal\/wp-json\/wp\/v2\/posts\/33159\/revisions"}],"wp:attachment":[{"href":"https:\/\/www.pcnen.com\/portal\/wp-json\/wp\/v2\/media?parent=33159"}],"wp:term":[{"taxonomy":"category","embeddable":true,"href":"https:\/\/www.pcnen.com\/portal\/wp-json\/wp\/v2\/categories?post=33159"},{"taxonomy":"post_tag","embeddable":true,"href":"https:\/\/www.pcnen.com\/portal\/wp-json\/wp\/v2\/tags?post=33159"}],"curies":[{"name":"wp","href":"https:\/\/api.w.org\/{rel}","templated":true}]}}