{"id":33158,"date":"2009-12-08T18:09:47","date_gmt":"2009-12-08T18:09:47","guid":{"rendered":"http:\/\/www.pcnen.com\/portal\/?p=33158"},"modified":"2009-12-08T18:09:47","modified_gmt":"2009-12-08T18:09:47","slug":"ministri-eu-odgodili-odluku-o-makedoniji","status":"publish","type":"post","link":"https:\/\/www.pcnen.com\/portal\/2009\/12\/08\/ministri-eu-odgodili-odluku-o-makedoniji\/","title":{"rendered":"Ministri EU odgodili odluku o Makedoniji"},"content":{"rendered":"<p>Evropska unija je odgodila odluku da otvori pristupne pregovore sa Makedonijom, nakon &scaron;to se njen susjed Gr\u010dka tome usprotivila.U saop&scaron;tenju minister spoljnih poslova EU re\u010deno je da \u0107e razmotriti ovo pitanje ponovo tokom &scaron;panskog predsjedavnja EU , koje po\u010dinje 1. januara i traje do 30 juna 2010.<\/p>\n<p>Makedonija se nadala da \u0107e evropski zvani\u010dnici odrediti datum za po\u010detak pregovora ove sedmice nakon &scaron;to je EK podr\u017eala taj korak u oktobru. Atina se me\u0111utim protivi tome zbog nesporazuma koje dvije dr\u017eave imaju oko imena. <\/p>\n<p>Jedna od gr\u010dkih grani\u010dnih provincija zove Makedonija, zbog \u010dega ne pristaju da ova biv&scaron;a jugoslovenka republika zvani\u010dno bude prizanta pod imenom Makedonija, prenosi <em>RSE<\/em>. <\/p>\n","protected":false},"excerpt":{"rendered":"<p>Evropska unija je odgodila odluku da otvori pristupne pregovore sa Makedonijom, nakon &scaron;to se njen susjed Gr\u010dka tome usprotivila.U saop&scaron;tenju minister spoljnih poslova EU re\u010deno je da \u0107e razmotriti ovo pitanje ponovo tokom &scaron;panskog predsjedavnja EU , koje po\u010dinje 1. januara i traje do 30 juna 2010. Makedonija se nadala da \u0107e evropski zvani\u010dnici odrediti [&hellip;]<\/p>\n","protected":false},"author":1,"featured_media":0,"comment_status":"open","ping_status":"closed","sticky":false,"template":"","format":"standard","meta":{"_seopress_robots_primary_cat":"","_seopress_titles_title":"","_seopress_titles_desc":"","_seopress_robots_index":"","_et_pb_use_builder":"","_et_pb_old_content":"","_et_gb_content_width":"","inline_featured_image":false,"footnotes":""},"categories":[14],"tags":[],"class_list":["post-33158","post","type-post","status-publish","format-standard","hentry","category-vijesti"],"_links":{"self":[{"href":"https:\/\/www.pcnen.com\/portal\/wp-json\/wp\/v2\/posts\/33158","targetHints":{"allow":["GET"]}}],"collection":[{"href":"https:\/\/www.pcnen.com\/portal\/wp-json\/wp\/v2\/posts"}],"about":[{"href":"https:\/\/www.pcnen.com\/portal\/wp-json\/wp\/v2\/types\/post"}],"author":[{"embeddable":true,"href":"https:\/\/www.pcnen.com\/portal\/wp-json\/wp\/v2\/users\/1"}],"replies":[{"embeddable":true,"href":"https:\/\/www.pcnen.com\/portal\/wp-json\/wp\/v2\/comments?post=33158"}],"version-history":[{"count":0,"href":"https:\/\/www.pcnen.com\/portal\/wp-json\/wp\/v2\/posts\/33158\/revisions"}],"wp:attachment":[{"href":"https:\/\/www.pcnen.com\/portal\/wp-json\/wp\/v2\/media?parent=33158"}],"wp:term":[{"taxonomy":"category","embeddable":true,"href":"https:\/\/www.pcnen.com\/portal\/wp-json\/wp\/v2\/categories?post=33158"},{"taxonomy":"post_tag","embeddable":true,"href":"https:\/\/www.pcnen.com\/portal\/wp-json\/wp\/v2\/tags?post=33158"}],"curies":[{"name":"wp","href":"https:\/\/api.w.org\/{rel}","templated":true}]}}