{"id":331572,"date":"2021-11-03T12:33:24","date_gmt":"2021-11-03T11:33:24","guid":{"rendered":"https:\/\/www.pcnen.com\/portal\/?p=331572"},"modified":"2021-11-03T12:51:32","modified_gmt":"2021-11-03T11:51:32","slug":"brnabic-nedimovic-cesto-prekrsi-dres-kod","status":"publish","type":"post","link":"https:\/\/www.pcnen.com\/portal\/2021\/11\/03\/brnabic-nedimovic-cesto-prekrsi-dres-kod\/","title":{"rendered":"Brnabi\u0107: Nedimovi\u0107 \u010desto prekr\u0161i dres kod"},"content":{"rendered":"<p>Premijerka Srbije AnaBrnabi\u0107 je, na pitanje kakva je poruka poslata tim \u0161to je ministar Nedimovi\u0107 ju\u010de na aerodromu do\u010dekao Krivokapi\u0107a u farmericama i da li je time prekr\u0161io dres kod, kazala da je to njena gre\u0161ka.<\/p>\n<p>&#8220;Moja je gre\u0161ka jer je premijera trebalo da do\u010deka ministar Selakovi\u0107, ali se zadr\u017eao u Atini i nije mogao sti\u0107i na vrijeme. U posljednji trenutak smo odlu\u010dili da to bude Nedimovi\u0107. On \u010desto prekr\u0161i dres kod, to je njegov manir. To nije ne\u0161to \u0161to je njemu li\u010dno posebno va\u017eno i \u010demu pridaje posebnu pa\u017enju. Razumijem diplomatske protokole, ali nekad morate razumjeti i neke individualne, li\u010dne preference ljudi.&#8221;<\/p>\n<p>Kazala je da su se jutros \u010dak i \u0161alili i da je &#8220;na uobi\u010dajen njegov dres kod prili\u010dno sre\u0111en&#8221;.<\/p>\n<p>Brnabi\u0107 je ocijenila da Vu\u010di\u0107 &#8220;nikome nije poklonio toliko pa\u017enje&#8221; kao Krivokapi\u0107u tokom njegove posjete Beogradu.<\/p>\n<p>&#8220;Ja se jo\u0161 jednom izvinjavam, svakako je moja gre\u0161ka. Ministar je bio zadovoljan i sre\u0107an \u0161to mo\u017ee da sa\u010deka premijera Krivokapi\u0107a, ali jeste moja gre\u0161ka. Prekr\u0161en je diplomatski protokol, ali ne sa lo\u0161om namjerom&#8221;, kazala je.<\/p>\n<p>Na pitanje da li su razgovarali o Temeljnom ugovoru, podsjetila je da je to pitanje u ingerenciji Srpske pravoslavne crkve, a ne nje kao premijera.<\/p>\n<p>Brnabi\u0107 je, odgovaraju\u0107i na pitanja novinara za\u0161to ta zemlja ne\u0107e da izru\u010di Crnoj Gori Svetozara Marovi\u0107a, kazala da mora da provjeri sa pravosudnim organima, te da se nije time bavila.<\/p>\n","protected":false},"excerpt":{"rendered":"<p>Vu\u010di\u0107 &#8220;nikome nije poklonio toliko pa\u017enje&#8221; kao Krivokapi\u0107u tokom njegove posjete Beogradu<\/p>\n","protected":false},"author":1,"featured_media":331578,"comment_status":"open","ping_status":"closed","sticky":false,"template":"","format":"standard","meta":{"_seopress_robots_primary_cat":"","_seopress_titles_title":"","_seopress_titles_desc":"","_seopress_robots_index":"","_et_pb_use_builder":"","_et_pb_old_content":"","_et_gb_content_width":"","inline_featured_image":false,"footnotes":""},"categories":[14],"tags":[],"class_list":["post-331572","post","type-post","status-publish","format-standard","has-post-thumbnail","hentry","category-vijesti"],"_links":{"self":[{"href":"https:\/\/www.pcnen.com\/portal\/wp-json\/wp\/v2\/posts\/331572","targetHints":{"allow":["GET"]}}],"collection":[{"href":"https:\/\/www.pcnen.com\/portal\/wp-json\/wp\/v2\/posts"}],"about":[{"href":"https:\/\/www.pcnen.com\/portal\/wp-json\/wp\/v2\/types\/post"}],"author":[{"embeddable":true,"href":"https:\/\/www.pcnen.com\/portal\/wp-json\/wp\/v2\/users\/1"}],"replies":[{"embeddable":true,"href":"https:\/\/www.pcnen.com\/portal\/wp-json\/wp\/v2\/comments?post=331572"}],"version-history":[{"count":3,"href":"https:\/\/www.pcnen.com\/portal\/wp-json\/wp\/v2\/posts\/331572\/revisions"}],"predecessor-version":[{"id":331575,"href":"https:\/\/www.pcnen.com\/portal\/wp-json\/wp\/v2\/posts\/331572\/revisions\/331575"}],"wp:featuredmedia":[{"embeddable":true,"href":"https:\/\/www.pcnen.com\/portal\/wp-json\/wp\/v2\/media\/331578"}],"wp:attachment":[{"href":"https:\/\/www.pcnen.com\/portal\/wp-json\/wp\/v2\/media?parent=331572"}],"wp:term":[{"taxonomy":"category","embeddable":true,"href":"https:\/\/www.pcnen.com\/portal\/wp-json\/wp\/v2\/categories?post=331572"},{"taxonomy":"post_tag","embeddable":true,"href":"https:\/\/www.pcnen.com\/portal\/wp-json\/wp\/v2\/tags?post=331572"}],"curies":[{"name":"wp","href":"https:\/\/api.w.org\/{rel}","templated":true}]}}