{"id":33155,"date":"2009-12-08T17:18:05","date_gmt":"2009-12-08T17:18:05","guid":{"rendered":"http:\/\/www.pcnen.com\/portal\/?p=33155"},"modified":"2009-12-08T17:18:05","modified_gmt":"2009-12-08T17:18:05","slug":"ministar-drzava-na-steti-ako-se-nesto-desi-pejovicu","status":"publish","type":"post","link":"https:\/\/www.pcnen.com\/portal\/2009\/12\/08\/ministar-drzava-na-steti-ako-se-nesto-desi-pejovicu\/","title":{"rendered":"Ministar: Dr\u017eava na \u0161teti ako se ne\u0161to desi Pejovi\u0107u"},"content":{"rendered":"<p>Brajovi\u0107 je rekao da bi &quot;onda ispalo da dr\u017eava nije za&scaron;titila nekoga ko je jedini imao snage da se suo\u010di sa tim problemima i da govori o u\u017easnim posledicama i u\u017easnoj pri\u010di koja je vezana za deportaciju&quot;, prenosi radio <em>Antena M.<\/em> <\/p>\n<p>Pejovi\u0107 je javno optu\u017eio Agenciju za nacionalnu bezbjednost da priprema njegovu likvidaciju.<\/p>\n","protected":false},"excerpt":{"rendered":"<p>Ivan Brajovi\u0107, crnogorski ministar unutra&scaron;njih poslova i javne uprave, izjavio je da bi dr\u017eava imala najvi&scaron;e &scaron;tete ako bi se ne&scaron;to desilo Slobodanu Pejovi\u0107u, krunskom svjedoku deportacije muslimana iz BiH, izbjeglih u Crnu Goru po\u010detkom 1992. godine.<\/p>\n","protected":false},"author":1,"featured_media":0,"comment_status":"open","ping_status":"closed","sticky":false,"template":"","format":"standard","meta":{"_seopress_robots_primary_cat":"","_seopress_titles_title":"","_seopress_titles_desc":"","_seopress_robots_index":"","_et_pb_use_builder":"","_et_pb_old_content":"","_et_gb_content_width":"","inline_featured_image":false,"footnotes":""},"categories":[14],"tags":[],"class_list":["post-33155","post","type-post","status-publish","format-standard","hentry","category-vijesti"],"_links":{"self":[{"href":"https:\/\/www.pcnen.com\/portal\/wp-json\/wp\/v2\/posts\/33155","targetHints":{"allow":["GET"]}}],"collection":[{"href":"https:\/\/www.pcnen.com\/portal\/wp-json\/wp\/v2\/posts"}],"about":[{"href":"https:\/\/www.pcnen.com\/portal\/wp-json\/wp\/v2\/types\/post"}],"author":[{"embeddable":true,"href":"https:\/\/www.pcnen.com\/portal\/wp-json\/wp\/v2\/users\/1"}],"replies":[{"embeddable":true,"href":"https:\/\/www.pcnen.com\/portal\/wp-json\/wp\/v2\/comments?post=33155"}],"version-history":[{"count":0,"href":"https:\/\/www.pcnen.com\/portal\/wp-json\/wp\/v2\/posts\/33155\/revisions"}],"wp:attachment":[{"href":"https:\/\/www.pcnen.com\/portal\/wp-json\/wp\/v2\/media?parent=33155"}],"wp:term":[{"taxonomy":"category","embeddable":true,"href":"https:\/\/www.pcnen.com\/portal\/wp-json\/wp\/v2\/categories?post=33155"},{"taxonomy":"post_tag","embeddable":true,"href":"https:\/\/www.pcnen.com\/portal\/wp-json\/wp\/v2\/tags?post=33155"}],"curies":[{"name":"wp","href":"https:\/\/api.w.org\/{rel}","templated":true}]}}