{"id":33147,"date":"2009-12-08T10:19:26","date_gmt":"2009-12-08T10:19:26","guid":{"rendered":"http:\/\/www.pcnen.com\/portal\/?p=33147"},"modified":"2009-12-08T10:19:26","modified_gmt":"2009-12-08T10:19:26","slug":"sukobili-se-guverner-cb-i-direktor-pb","status":"publish","type":"post","link":"https:\/\/www.pcnen.com\/portal\/2009\/12\/08\/sukobili-se-guverner-cb-i-direktor-pb\/","title":{"rendered":"Sukobili se guverner CB i direktor PB"},"content":{"rendered":"<p>Dnevnik<em> Pobjeda<\/em> otkriva da je Drecun optu\u017eio Centralnu banku da je glavni krivac za to &scaron;to banka na \u010dijem je \u010delu ne mo\u017ee da daje kredite i prigovorio mu zbog toga &scaron;to Centralna banka neta\u010dno javno saop&scaron;tava da je Prva banka najmanju likvidna banka u Crnoj Gori. <\/p>\n<p>Krgovi\u0107 je, prema navodima <em>Pobjede<\/em>, optu\u017eio Drecuna da obmanjuje javnost. <\/p>\n","protected":false},"excerpt":{"rendered":"<p>Ljubi&scaron;a Krgovi\u0107, guverner Centralne banke Crne Gore, i Predrag Drecun, izvr&scaron;ni direktor Prve banke CG, posva\u0111ali su se ju\u010de na zatvorenom sastanku predstavnika Udru\u017eenja banaka.<\/p>\n","protected":false},"author":1,"featured_media":0,"comment_status":"open","ping_status":"closed","sticky":false,"template":"","format":"standard","meta":{"_seopress_robots_primary_cat":"","_seopress_titles_title":"","_seopress_titles_desc":"","_seopress_robots_index":"","_et_pb_use_builder":"","_et_pb_old_content":"","_et_gb_content_width":"","inline_featured_image":false,"footnotes":""},"categories":[14],"tags":[],"class_list":["post-33147","post","type-post","status-publish","format-standard","hentry","category-vijesti"],"_links":{"self":[{"href":"https:\/\/www.pcnen.com\/portal\/wp-json\/wp\/v2\/posts\/33147","targetHints":{"allow":["GET"]}}],"collection":[{"href":"https:\/\/www.pcnen.com\/portal\/wp-json\/wp\/v2\/posts"}],"about":[{"href":"https:\/\/www.pcnen.com\/portal\/wp-json\/wp\/v2\/types\/post"}],"author":[{"embeddable":true,"href":"https:\/\/www.pcnen.com\/portal\/wp-json\/wp\/v2\/users\/1"}],"replies":[{"embeddable":true,"href":"https:\/\/www.pcnen.com\/portal\/wp-json\/wp\/v2\/comments?post=33147"}],"version-history":[{"count":0,"href":"https:\/\/www.pcnen.com\/portal\/wp-json\/wp\/v2\/posts\/33147\/revisions"}],"wp:attachment":[{"href":"https:\/\/www.pcnen.com\/portal\/wp-json\/wp\/v2\/media?parent=33147"}],"wp:term":[{"taxonomy":"category","embeddable":true,"href":"https:\/\/www.pcnen.com\/portal\/wp-json\/wp\/v2\/categories?post=33147"},{"taxonomy":"post_tag","embeddable":true,"href":"https:\/\/www.pcnen.com\/portal\/wp-json\/wp\/v2\/tags?post=33147"}],"curies":[{"name":"wp","href":"https:\/\/api.w.org\/{rel}","templated":true}]}}