{"id":33137,"date":"2009-12-07T19:05:39","date_gmt":"2009-12-07T19:05:39","guid":{"rendered":"http:\/\/www.pcnen.com\/portal\/?p=33137"},"modified":"2009-12-07T19:05:39","modified_gmt":"2009-12-07T19:05:39","slug":"novinarka-stankovic-pod-policijskom-zastitom","status":"publish","type":"post","link":"https:\/\/www.pcnen.com\/portal\/2009\/12\/07\/novinarka-stankovic-pod-policijskom-zastitom\/","title":{"rendered":"Novinarka Stankovi\u0107 pod policijskom za\u0161titom"},"content":{"rendered":"<p>Novinarka TV B92 Brankica Stankovi\u0107 je od prije neki dan pod stalnom policijskom za&scaron;titom zbog prijetnji nakon objavljivanja prve emisije nove serije Insajder o fudbalskoj mafiji u Srbiji.<\/p>\n<p>&quot;Pa, to je, moram da ka\u017eem, meni jako stra&scaron;no. Ja sam se sad prvi put susrela sa tako ne\u010dim, do sada smo radili toliko serijala na razne teme , nikada nismo imali za&scaron;titu. Ja sam mislila da mogu da radim svoj posao najnormalnije. Po meni je skandalozno to &scaron;to 2009. godine novinari u Srbiji moraju da rade pod policijskim obezbe\u0111enjem&quot;, kazala je Stankovi\u0107 za <em>Radio Slobodna Evropa.<\/em><\/p>\n","protected":false},"excerpt":{"rendered":"<p>Novinarka TV B92 Brankica Stankovi\u0107 je od prije neki dan pod stalnom policijskom za&scaron;titom zbog prijetnji nakon objavljivanja prve emisije nove serije Insajder o fudbalskoj mafiji u Srbiji. &quot;Pa, to je, moram da ka\u017eem, meni jako stra&scaron;no. Ja sam se sad prvi put susrela sa tako ne\u010dim, do sada smo radili toliko serijala na razne [&hellip;]<\/p>\n","protected":false},"author":1,"featured_media":0,"comment_status":"open","ping_status":"closed","sticky":false,"template":"","format":"standard","meta":{"_seopress_robots_primary_cat":"","_seopress_titles_title":"","_seopress_titles_desc":"","_seopress_robots_index":"","_et_pb_use_builder":"","_et_pb_old_content":"","_et_gb_content_width":"","inline_featured_image":false,"footnotes":""},"categories":[14],"tags":[],"class_list":["post-33137","post","type-post","status-publish","format-standard","hentry","category-vijesti"],"_links":{"self":[{"href":"https:\/\/www.pcnen.com\/portal\/wp-json\/wp\/v2\/posts\/33137","targetHints":{"allow":["GET"]}}],"collection":[{"href":"https:\/\/www.pcnen.com\/portal\/wp-json\/wp\/v2\/posts"}],"about":[{"href":"https:\/\/www.pcnen.com\/portal\/wp-json\/wp\/v2\/types\/post"}],"author":[{"embeddable":true,"href":"https:\/\/www.pcnen.com\/portal\/wp-json\/wp\/v2\/users\/1"}],"replies":[{"embeddable":true,"href":"https:\/\/www.pcnen.com\/portal\/wp-json\/wp\/v2\/comments?post=33137"}],"version-history":[{"count":0,"href":"https:\/\/www.pcnen.com\/portal\/wp-json\/wp\/v2\/posts\/33137\/revisions"}],"wp:attachment":[{"href":"https:\/\/www.pcnen.com\/portal\/wp-json\/wp\/v2\/media?parent=33137"}],"wp:term":[{"taxonomy":"category","embeddable":true,"href":"https:\/\/www.pcnen.com\/portal\/wp-json\/wp\/v2\/categories?post=33137"},{"taxonomy":"post_tag","embeddable":true,"href":"https:\/\/www.pcnen.com\/portal\/wp-json\/wp\/v2\/tags?post=33137"}],"curies":[{"name":"wp","href":"https:\/\/api.w.org\/{rel}","templated":true}]}}